{"id":327601,"date":"2026-03-31T09:01:21","date_gmt":"2026-03-31T13:01:21","guid":{"rendered":"https:\/\/villanews.com.br\/?p=327601"},"modified":"2026-03-31T09:01:21","modified_gmt":"2026-03-31T13:01:21","slug":"estatais-somam-r-568-milhoes-ao-deficit-bilionario-em-fevereiro-aponta-bc","status":"publish","type":"post","link":"https:\/\/villanews.com.br\/?p=327601","title":{"rendered":"Estatais somam R$ 568 milh\u00f5es ao d\u00e9ficit bilion\u00e1rio em fevereiro, aponta BC"},"content":{"rendered":"<div class=\"postBody_post-body-container__1KhtH\">\n<p>Enquanto estados e munic\u00edpios fecharam fevereiro com um super\u00e1vit de R$ 13,7 bilh\u00f5es, o governo federal enfrentou um d\u00e9ficit de R$ 29,5 bilh\u00f5es. As estatais somaram mais R$ 568 milh\u00f5es a um rombo que j\u00e1 passa de R$ 10,5 bilh\u00f5es nos \u00faltimos 12 meses. Os dados s\u00e3o do relat\u00f3rio de estat\u00edsticas fiscais do Banco Central (BC), divulgado nesta ter\u00e7a-feira (31).<\/p>\n<p>O agravamento no rombo das estatais ocorre em meio \u00e0 tentativa dos Correios de implementar um plano de restrutura\u00e7\u00e3o. A empresa anunciou, entre outras medidas, a venda de im\u00f3veis, um plano de <a href=\"https:\/\/www.gazetadopovo.com.br\/economia\/correios-prorrogam-programa-demissao-voluntaria-baixa-adesao\/\">demiss\u00e3o volunt\u00e1ria<\/a> e a institui\u00e7\u00e3o da <a href=\"https:\/\/www.gazetadopovo.com.br\/economia\/correios-anunciam-escala-12-36-e-servidores-prometem-reacao\/\">jornada 12&#215;36 <\/a>em algumas fun\u00e7\u00f5es.<\/p>\n<p>VEJA TAMB\u00c9M:<\/p>\n<p>O documento mostra ainda uma alta nos juros da d\u00edvida p\u00fablica de R$ 6 bilh\u00f5es no mesmo per\u00edodo. Tudo isso reflete em uma d\u00edvida p\u00fablica l\u00edquida no setor p\u00fablico de R$ 8,4 trilh\u00f5es,  o que equivale a 65,5% do Produto Interno Bruto (PIB). Na soma entre governo federal, Instituto Nacional do Seguro Social (INSS), estados e munic\u00edpios, o valor \u00e9 de R$ 10,2 trilh\u00f5es, ou 79,2% do PIB.<\/p>\n<p>Nesta segunda-feira (30), o BC revelou um <a href=\"https:\/\/www.gazetadopovo.com.br\/economia\/governo-rombo-30-bilhoes-fevereiro-aumento-arrecadacao\/\">d\u00e9ficit prim\u00e1rio<\/a> de R$ 30 bilh\u00f5es do governo federal em fevereiro. Agora, incluindo os juros na conta, temos o d\u00e9ficit nominal de R$ 100,6 bilh\u00f5es.<\/p>\n<p>VEJA TAMB\u00c9M:<\/p>\n<p>De acordo com a autoridade monet\u00e1ria, a infla\u00e7\u00e3o e a taxa b\u00e1sica de juros (Selic) se somaram ao endividamento como fatores que agravaram o aumento dos juros nominais.<\/p>\n<p>Na \u00faltima <a href=\"https:\/\/www.gazetadopovo.com.br\/economia\/copom-considerou-falta-de-disciplina-fiscal-do-governo-para-reducao-menor-de-juros\/\">ata <\/a>do Comit\u00ea de Pol\u00edtica Monet\u00e1ria (Copom), havia a expectativa de uma considera\u00e7\u00e3o maior ao contexto da guerra no Oriente M\u00e9dio. Apesar de citar o contexto global, o colegiado considerou as &#8220;incertezas sobre a estabiliza\u00e7\u00e3o da d\u00edvida p\u00fablica&#8221; e o &#8220;esmorecimento no esfor\u00e7o de reformas estruturais e disciplina fiscal&#8221;. As considera\u00e7\u00f5es serviram de embasamento para um corte mais t\u00edmido na Selic, de 0,25%.<\/p>\n<\/div>","protected":false},"excerpt":{"rendered":"<p>Enquanto estados e munic\u00edpios fecharam fevereiro com um super\u00e1vit de R$ 13,7 bilh\u00f5es, o governo federal enfrentou um d\u00e9ficit de&hellip;<\/p>\n","protected":false},"author":4,"featured_media":324271,"comment_status":"open","ping_status":"open","sticky":false,"template":"","format":"standard","meta":{"footnotes":""},"categories":[204],"tags":[],"class_list":["post-327601","post","type-post","status-publish","format-standard","has-post-thumbnail","hentry","category-ultimas-noticias"],"_links":{"self":[{"href":"https:\/\/villanews.com.br\/index.php?rest_route=\/wp\/v2\/posts\/327601","targetHints":{"allow":["GET"]}}],"collection":[{"href":"https:\/\/villanews.com.br\/index.php?rest_route=\/wp\/v2\/posts"}],"about":[{"href":"https:\/\/villanews.com.br\/index.php?rest_route=\/wp\/v2\/types\/post"}],"author":[{"embeddable":true,"href":"https:\/\/villanews.com.br\/index.php?rest_route=\/wp\/v2\/users\/4"}],"replies":[{"embeddable":true,"href":"https:\/\/villanews.com.br\/index.php?rest_route=%2Fwp%2Fv2%2Fcomments&post=327601"}],"version-history":[{"count":0,"href":"https:\/\/villanews.com.br\/index.php?rest_route=\/wp\/v2\/posts\/327601\/revisions"}],"wp:featuredmedia":[{"embeddable":true,"href":"https:\/\/villanews.com.br\/index.php?rest_route=\/wp\/v2\/media\/324271"}],"wp:attachment":[{"href":"https:\/\/villanews.com.br\/index.php?rest_route=%2Fwp%2Fv2%2Fmedia&parent=327601"}],"wp:term":[{"taxonomy":"category","embeddable":true,"href":"https:\/\/villanews.com.br\/index.php?rest_route=%2Fwp%2Fv2%2Fcategories&post=327601"},{"taxonomy":"post_tag","embeddable":true,"href":"https:\/\/villanews.com.br\/index.php?rest_route=%2Fwp%2Fv2%2Ftags&post=327601"}],"curies":[{"name":"wp","href":"https:\/\/api.w.org\/{rel}","templated":true}]}}