{"id":327536,"date":"2026-04-01T12:10:00","date_gmt":"2026-04-01T16:10:00","guid":{"rendered":"https:\/\/villanews.com.br\/?p=327536"},"modified":"2026-04-01T12:10:00","modified_gmt":"2026-04-01T16:10:00","slug":"comissao-de-agricultura-debate-cobranca-de-royalties-na-producao-de-soja","status":"publish","type":"post","link":"https:\/\/villanews.com.br\/?p=327536","title":{"rendered":"Comiss\u00e3o de Agricultura debate cobran\u00e7a de royalties na produ\u00e7\u00e3o de soja"},"content":{"rendered":"<article class=\"g-artigo artigo--noticia\">\n<span>Agropecu\u00e1ria<\/span>\n<h1>Comiss\u00e3o de Agricultura debate cobran\u00e7a de royalties na produ\u00e7\u00e3o de soja<\/h1>\n<p>Audi\u00eancia vai discutir impactos financeiros e inseguran\u00e7a jur\u00eddica no agroneg\u00f3cio<\/p>\n<div>\n<p>\n\t\t\t\t\t\t\t\t\t\t\t01\/04\/2026 &#8211; 13:10 \u00a0\n\t\t\t\t\t\t\t\t\t\t<\/p>\n<p><em>Depositphotos<\/em><br \/>\n<img decoding=\"async\" src=\"https:\/\/www.camara.leg.br\/midias\/image\/2026\/04\/depositphotos-63602701-xl-768x523.jpg\" \/><\/p>\n<div>Incertezas sobre a cobran\u00e7a dos royalties afetam a comercializa\u00e7\u00e3o da soja<\/div>\n<p>A Comiss\u00e3o de Agricultura, Pecu\u00e1ria, Abastecimento e Desenvolvimento Rural da C\u00e2mara dos Deputados debate, na pr\u00f3xima quarta-feira (8), a cobran\u00e7a de <span title=\"Compensa\u00e7\u00e3o financeira paga pelas empresas de explora\u00e7\u00e3o e produ\u00e7\u00e3o de petr\u00f3leo e g\u00e1s natural aos estados, munic\u00edpios e \u00e0 Uni\u00e3o como contrapresta\u00e7\u00e3o pela utiliza\u00e7\u00e3o econ\u00f4mica dos recursos minerais em seus respectivos territ\u00f3rios.\">royalties<\/span> de biotecnologia no cultivo de soja no Brasil.<\/p>\n<p>O debate ser\u00e1 realizado \u00e0s 16 horas, em plen\u00e1rio ainda n\u00e3o definido.<\/p>\n<ul>\n<li><a href=\"https:\/\/www.camara.leg.br\/evento-legislativo\/81443\">Veja a lista de quem foi convidado para falar sobre o assunto<\/a><\/li>\n<\/ul>\n<p>A reuni\u00e3o foi proposta pelo deputado Heitor Schuch (PSB-RS).<\/p>\n<p>Royalties de biotecnologia s\u00e3o valores pagos pelos produtores rurais pelo uso de sementes geneticamente modificadas desenvolvidas por empresas de tecnologia agr\u00edcola.<\/p>\n<p>A forma de cobrar esses royalties, os percentuais aplicados e a reten\u00e7\u00e3o de valores na entrega da produ\u00e7\u00e3o t\u00eam gerado inseguran\u00e7a jur\u00eddica e impactos financeiros no agroneg\u00f3cio.<\/p>\n<p>Segundo o deputado, h\u00e1 interpreta\u00e7\u00f5es divergentes sobre direitos de propriedade industrial, contratos e proporcionalidade das cobran\u00e7as. Isso aumenta a incerteza no ambiente de neg\u00f3cios e afeta a comercializa\u00e7\u00e3o de gr\u00e3os.<\/p>\n<p>Heitor Schuch espera que a audi\u00eancia amplie o debate t\u00e9cnico e a transpar\u00eancia sobre a cobran\u00e7a. O objetivo \u00e9 reunir informa\u00e7\u00f5es para aperfei\u00e7oar o marco regulat\u00f3rio, com foco na seguran\u00e7a jur\u00eddica e no equil\u00edbrio das rela\u00e7\u00f5es.<\/p>\n<p>Da Reda\u00e7\u00e3o &#8211; ND<\/p>\n<\/div>\n<\/article>","protected":false},"excerpt":{"rendered":"<p>Agropecu\u00e1ria Comiss\u00e3o de Agricultura debate cobran\u00e7a de royalties na produ\u00e7\u00e3o de soja Audi\u00eancia vai discutir impactos financeiros e inseguran\u00e7a jur\u00eddica&hellip;<\/p>\n","protected":false},"author":4,"featured_media":327537,"comment_status":"open","ping_status":"open","sticky":false,"template":"","format":"standard","meta":{"footnotes":""},"categories":[240],"tags":[],"class_list":["post-327536","post","type-post","status-publish","format-standard","has-post-thumbnail","hentry","category-camara-dos-deputados"],"_links":{"self":[{"href":"https:\/\/villanews.com.br\/index.php?rest_route=\/wp\/v2\/posts\/327536","targetHints":{"allow":["GET"]}}],"collection":[{"href":"https:\/\/villanews.com.br\/index.php?rest_route=\/wp\/v2\/posts"}],"about":[{"href":"https:\/\/villanews.com.br\/index.php?rest_route=\/wp\/v2\/types\/post"}],"author":[{"embeddable":true,"href":"https:\/\/villanews.com.br\/index.php?rest_route=\/wp\/v2\/users\/4"}],"replies":[{"embeddable":true,"href":"https:\/\/villanews.com.br\/index.php?rest_route=%2Fwp%2Fv2%2Fcomments&post=327536"}],"version-history":[{"count":0,"href":"https:\/\/villanews.com.br\/index.php?rest_route=\/wp\/v2\/posts\/327536\/revisions"}],"wp:featuredmedia":[{"embeddable":true,"href":"https:\/\/villanews.com.br\/index.php?rest_route=\/wp\/v2\/media\/327537"}],"wp:attachment":[{"href":"https:\/\/villanews.com.br\/index.php?rest_route=%2Fwp%2Fv2%2Fmedia&parent=327536"}],"wp:term":[{"taxonomy":"category","embeddable":true,"href":"https:\/\/villanews.com.br\/index.php?rest_route=%2Fwp%2Fv2%2Fcategories&post=327536"},{"taxonomy":"post_tag","embeddable":true,"href":"https:\/\/villanews.com.br\/index.php?rest_route=%2Fwp%2Fv2%2Ftags&post=327536"}],"curies":[{"name":"wp","href":"https:\/\/api.w.org\/{rel}","templated":true}]}}