{"id":327512,"date":"2026-04-01T07:02:11","date_gmt":"2026-04-01T11:02:11","guid":{"rendered":"https:\/\/villanews.com.br\/?p=327512"},"modified":"2026-04-01T07:02:11","modified_gmt":"2026-04-01T11:02:11","slug":"pm-prende-suspeito-por-ameaca-e-porte-ilegal-de-arma-de-fogo-em-araguainha","status":"publish","type":"post","link":"https:\/\/villanews.com.br\/?p=327512","title":{"rendered":"PM prende suspeito por amea\u00e7a e porte ilegal de arma de fogo em Araguainha"},"content":{"rendered":"<div class=\"component-html\" data-lfr-editable-id=\"element-html\" data-lfr-editable-type=\"html\">\n<small>AP\u00d3S DEN\u00daNCIA<\/small>\n<h2><strong>PM prende suspeito por amea\u00e7a e porte ilegal de arma de fogo em Araguainha<\/strong><\/h2>\n<hr \/>\n<h5>01 de Abril de 2026 \u00e0s 10:52<\/h5>\n<h5>Equipes apreenderam uma garrucha calibre .22, durante abordagem<\/h5>\n<div><span>Wellyngton Souza<\/span> | <span>PMMT<\/span>\n<\/div>\n<p> <img decoding=\"async\" src=\"https:\/\/www.pm.mt.gov.br\/o\/adaptive-media\/image\/78567953\/Thumbnail-1024x1024\/Captura%20de%20tela%202026-04-01%20100645.jpg\" title=\" \" \/><\/p>\n<div><a>A<\/a> | <a>A<\/a>\n<\/div>\n<div class=\"full-content\">\n<p>Policiais militares do 4\u00ba Comando Regional prenderam em flagrante, um homem, de 47 anos, suspeito por amea\u00e7a e porte ilegal de arma de fogo, na manh\u00e3 desta quarta-feira (1.4), no munic\u00edpio de Araguainha (469 km de Cuiab\u00e1). As equipes apreenderam uma garrucha calibre .22.\u00a0<\/p>\n<p>Conforme boletim de ocorr\u00eancia, \u00e0 princ\u00edpio, ele relatou aos policiais militares do N\u00facleo de Araguainha estar enfrentando problemas familiares, ap\u00f3s uma mulher, de 28 anos, acus\u00e1-lo de ass\u00e9dio.\u00a0<\/p>\n<p>Em seguida, a mulher tamb\u00e9m compareceu \u00e0 unidade policial e informou ter sido amea\u00e7ada de morte pelo suspeito com uma arma de fogo apontada em sua dire\u00e7\u00e3o. Ela ainda afirmou que vem sendo importunada com frequ\u00eancia pelo homem, que ia at\u00e9 sua resid\u00eancia, batia nas janelas e fazia convites de cunho sexual.<\/p>\n<p>Diante das informa\u00e7\u00f5es, os policiais realizaram a abordagem do suspeito e, durante a busca pessoal, localizaram na cintura dele uma arma de fogo do tipo garrucha, calibre .22, sem muni\u00e7\u00f5es. O homem foi preso em flagrante.\u00a0<\/p>\n<p>Durante a ocorr\u00eancia, ele passou mal e apresentou convuls\u00f5es, sendo atendido por uma equipe de sa\u00fade e encaminhado ao posto m\u00e9dico. No dia anterior, o denunciado tamb\u00e9m j\u00e1 havia apresentado problemas de sa\u00fade. Ap\u00f3s receber alta, foi conduzido \u00e0 delegacia para registro do boletim de ocorr\u00eancia.<\/p>\n<p><strong>Disque-den\u00fancia<\/strong><\/p>\n<p>A sociedade pode contribuir com as a\u00e7\u00f5es da Pol\u00edcia Militar de qualquer cidade do Estado, sem precisar se identificar, por meio do 190 ou 0800.065.3939.<\/p>\n<\/div>\n<\/div>","protected":false},"excerpt":{"rendered":"<p>AP\u00d3S DEN\u00daNCIA PM prende suspeito por amea\u00e7a e porte ilegal de arma de fogo em Araguainha 01 de Abril de&hellip;<\/p>\n","protected":false},"author":4,"featured_media":55717,"comment_status":"open","ping_status":"open","sticky":false,"template":"","format":"standard","meta":{"footnotes":""},"categories":[172],"tags":[],"class_list":["post-327512","post","type-post","status-publish","format-standard","has-post-thumbnail","hentry","category-policia"],"_links":{"self":[{"href":"https:\/\/villanews.com.br\/index.php?rest_route=\/wp\/v2\/posts\/327512","targetHints":{"allow":["GET"]}}],"collection":[{"href":"https:\/\/villanews.com.br\/index.php?rest_route=\/wp\/v2\/posts"}],"about":[{"href":"https:\/\/villanews.com.br\/index.php?rest_route=\/wp\/v2\/types\/post"}],"author":[{"embeddable":true,"href":"https:\/\/villanews.com.br\/index.php?rest_route=\/wp\/v2\/users\/4"}],"replies":[{"embeddable":true,"href":"https:\/\/villanews.com.br\/index.php?rest_route=%2Fwp%2Fv2%2Fcomments&post=327512"}],"version-history":[{"count":0,"href":"https:\/\/villanews.com.br\/index.php?rest_route=\/wp\/v2\/posts\/327512\/revisions"}],"wp:featuredmedia":[{"embeddable":true,"href":"https:\/\/villanews.com.br\/index.php?rest_route=\/wp\/v2\/media\/55717"}],"wp:attachment":[{"href":"https:\/\/villanews.com.br\/index.php?rest_route=%2Fwp%2Fv2%2Fmedia&parent=327512"}],"wp:term":[{"taxonomy":"category","embeddable":true,"href":"https:\/\/villanews.com.br\/index.php?rest_route=%2Fwp%2Fv2%2Fcategories&post=327512"},{"taxonomy":"post_tag","embeddable":true,"href":"https:\/\/villanews.com.br\/index.php?rest_route=%2Fwp%2Fv2%2Ftags&post=327512"}],"curies":[{"name":"wp","href":"https:\/\/api.w.org\/{rel}","templated":true}]}}