{"id":327511,"date":"2026-04-01T07:28:05","date_gmt":"2026-04-01T11:28:05","guid":{"rendered":"https:\/\/villanews.com.br\/?p=327511"},"modified":"2026-04-01T07:28:05","modified_gmt":"2026-04-01T11:28:05","slug":"policia-civil-prende-4-pessoas-por-furto-de-energia-eletrica-em-barra-do-garcas","status":"publish","type":"post","link":"https:\/\/villanews.com.br\/?p=327511","title":{"rendered":"Pol\u00edcia Civil prende 4 pessoas por furto de energia el\u00e9trica em Barra do Gar\u00e7as"},"content":{"rendered":"<div class=\"component-html\" data-lfr-editable-id=\"element-html\" data-lfr-editable-type=\"html\">\n<small>OPERA\u00c7\u00c3O NO PULO DO GATO<\/small>\n<h2><strong>Pol\u00edcia Civil prende 4 pessoas por furto de energia el\u00e9trica em Barra do Gar\u00e7as<\/strong><\/h2>\n<hr \/>\n<h5>01 de Abril de 2026 \u00e0s 11:08<\/h5>\n<h5>A a\u00e7\u00e3o de fiscaliza\u00e7\u00e3o foi conduzida pela Derf de Barra do Gar\u00e7as em conjunto com a Politec e Energisa<\/h5>\n<div><span>Assessoria<\/span> | <span>Pol\u00edcia Civil &#8211; MT<\/span>\n<\/div>\n<div>\n     PC-MT\n    <\/div>\n<p> <img decoding=\"async\" src=\"https:\/\/www.pjc.mt.gov.br\/o\/adaptive-media\/image\/78568096\/Thumbnail-1024x1024\/WhatsApp%20Image%202026-04-01%20at%2010.44.59.jpeg\" title=\" PC-MT\" \/><\/p>\n<div><a>A<\/a> | <a>A<\/a>\n<\/div>\n<div class=\"full-content\">\n<p>Quatro pessoas foram presas em flagrante por furto de energia el\u00e9trica durante a Opera\u00e7\u00e3o \u201cNo Pulo do Gato\u201d, deflagrada nesta ter\u00e7a-feira (31.3), em Barra do Gar\u00e7as (a 509 quil\u00f4metros de Cuiab\u00e1). A a\u00e7\u00e3o teve como foco o combate a liga\u00e7\u00f5es clandestinas e irregularidades no consumo de energia no munic\u00edpio.<\/p>\n<p>A a\u00e7\u00e3o foi conduzida pela Pol\u00edcia Civil, por meio da Delegacia Especializada de Roubos e Furtos (Derf), em atua\u00e7\u00e3o integrada com a Per\u00edcia Oficial e Identifica\u00e7\u00e3o T\u00e9cnica (Politec) e a concession\u00e1ria Energisa Mato Grosso.<\/p>\n<p>O trabalho operacional de fiscaliza\u00e7\u00e3o teve in\u00edcio \u00e0s 8h e se estendeu ao longo de todo o dia, com o objetivo de apurar a pr\u00e1tica de furto de energia el\u00e9trica no per\u00edmetro urbano do munic\u00edpio.<\/p>\n<p>Os policiais civis, t\u00e9cnicos e peritos fiscalizaram seis im\u00f3veis e identificaram irregularidades em todos eles. Foram constatadas quatro adultera\u00e7\u00f5es em medidores de energia el\u00e9trica, al\u00e9m de duas liga\u00e7\u00f5es clandestinas diretamente conectadas \u00e0 rede de distribui\u00e7\u00e3o.<\/p>\n<p><img decoding=\"async\" src=\"https:\/\/www.pjc.mt.gov.br\/documents\/d\/pjc\/whatsapp-image-2026-04-01-at-11-06-03-jpeg?imageThumbnail=3\" \/>\n<\/p>\n<p> Nos casos de viola\u00e7\u00e3o dos medidores, os equipamentos apresentavam altera\u00e7\u00f5es para impedir o registro correto do consumo e foram substitu\u00eddos imediatamente. J\u00e1 nas liga\u00e7\u00f5es clandestinas, foi verificado o desvio de energia por meio de fia\u00e7\u00e3o irregular, sem qualquer medi\u00e7\u00e3o, caracterizando o furto.<\/p>\n<p>Conforme o delegado da Derf do munic\u00edpio, Joaquim Leit\u00e3o Junior, com base em laudos t\u00e9cnicos preliminares elaborados pelas equipes quatro pessoas respons\u00e1veis pelos im\u00f3veis foram detidas e conduzidas para esclarecimentos.<\/p>\n<p>Em um dos endere\u00e7os fiscalizados, o local era dividido em sete quitinetes e funcionava com fornecimento irregular de energia. O medidor havia sido retirado anteriormente, ap\u00f3s solicita\u00e7\u00e3o de desligamento, por\u00e9m foi constatado que a energia era distribu\u00edda de forma clandestina aos inquilinos por meio de um disjuntor ligado diretamente \u00e0 rede el\u00e9trica.<\/p>\n<p>\u201cOs ocupantes das quitinetes informaram que os contratos de loca\u00e7\u00e3o inclu\u00edam o fornecimento de energia e \u00e1gua sem medi\u00e7\u00e3o individualizada. J\u00e1 a respons\u00e1vel pelo im\u00f3vel alegou desconhecimento sobre a irregularidade, embora existam registros anteriores de interven\u00e7\u00f5es em medidores vinculados a outros im\u00f3veis sob sua responsabilidade\u201d, destacou o delegado Joaquim Leit\u00e3o.<\/p>\n<p>Ainda segundo apurado pela Pol\u00edcia Civil, alguns dos investigados possuem hist\u00f3rico de ocorr\u00eancias relacionadas \u00e0 adultera\u00e7\u00e3o de equipamentos de medi\u00e7\u00e3o de energia, conforme registros da concession\u00e1ria.<\/p>\n<p>Os quatro foram conduzidos \u00e0 Central de Flagrantes, interrogados e autuados em flagrante por furto de energia el\u00e9trica. Ap\u00f3s a confec\u00e7\u00e3o dos autos, os presos foram colocados \u00e0 disposi\u00e7\u00e3o da Justi\u00e7a.<\/p>\n<p>As investiga\u00e7\u00f5es seguem em andamento para apurar outras poss\u00edveis irregularidades e identificar novos envolvidos.<\/p>\n<\/div>\n<\/div>","protected":false},"excerpt":{"rendered":"<p>OPERA\u00c7\u00c3O NO PULO DO GATO Pol\u00edcia Civil prende 4 pessoas por furto de energia el\u00e9trica em Barra do Gar\u00e7as 01&hellip;<\/p>\n","protected":false},"author":4,"featured_media":55717,"comment_status":"open","ping_status":"open","sticky":false,"template":"","format":"standard","meta":{"footnotes":""},"categories":[172],"tags":[],"class_list":["post-327511","post","type-post","status-publish","format-standard","has-post-thumbnail","hentry","category-policia"],"_links":{"self":[{"href":"https:\/\/villanews.com.br\/index.php?rest_route=\/wp\/v2\/posts\/327511","targetHints":{"allow":["GET"]}}],"collection":[{"href":"https:\/\/villanews.com.br\/index.php?rest_route=\/wp\/v2\/posts"}],"about":[{"href":"https:\/\/villanews.com.br\/index.php?rest_route=\/wp\/v2\/types\/post"}],"author":[{"embeddable":true,"href":"https:\/\/villanews.com.br\/index.php?rest_route=\/wp\/v2\/users\/4"}],"replies":[{"embeddable":true,"href":"https:\/\/villanews.com.br\/index.php?rest_route=%2Fwp%2Fv2%2Fcomments&post=327511"}],"version-history":[{"count":0,"href":"https:\/\/villanews.com.br\/index.php?rest_route=\/wp\/v2\/posts\/327511\/revisions"}],"wp:featuredmedia":[{"embeddable":true,"href":"https:\/\/villanews.com.br\/index.php?rest_route=\/wp\/v2\/media\/55717"}],"wp:attachment":[{"href":"https:\/\/villanews.com.br\/index.php?rest_route=%2Fwp%2Fv2%2Fmedia&parent=327511"}],"wp:term":[{"taxonomy":"category","embeddable":true,"href":"https:\/\/villanews.com.br\/index.php?rest_route=%2Fwp%2Fv2%2Fcategories&post=327511"},{"taxonomy":"post_tag","embeddable":true,"href":"https:\/\/villanews.com.br\/index.php?rest_route=%2Fwp%2Fv2%2Ftags&post=327511"}],"curies":[{"name":"wp","href":"https:\/\/api.w.org\/{rel}","templated":true}]}}