{"id":327435,"date":"2026-04-01T06:02:01","date_gmt":"2026-04-01T10:02:01","guid":{"rendered":"https:\/\/villanews.com.br\/?p=327435"},"modified":"2026-04-01T06:02:01","modified_gmt":"2026-04-01T10:02:01","slug":"forca-tatica-prende-homem-por-trafico-de-drogas-e-apreende-42-porcoes-de-entorpecentes","status":"publish","type":"post","link":"https:\/\/villanews.com.br\/?p=327435","title":{"rendered":"For\u00e7a T\u00e1tica prende homem por tr\u00e1fico de drogas e apreende 42 por\u00e7\u00f5es de entorpecentes"},"content":{"rendered":"<div class=\"component-html\" data-lfr-editable-id=\"element-html\" data-lfr-editable-type=\"html\">\n<small>EM CUIAB\u00c1<\/small>\n<h2><strong>For\u00e7a T\u00e1tica prende homem por tr\u00e1fico de drogas e apreende 42 por\u00e7\u00f5es de entorpecentes<\/strong><\/h2>\n<hr \/>\n<h5>01 de Abril de 2026 \u00e0s 09:19<\/h5>\n<h5>Ap\u00f3s den\u00fancia, o suspeito foi preso em flagrante portando um rev\u00f3lver<\/h5>\n<div><span>Leandro Assis*<\/span> | <span>PMMT<\/span>\n<\/div>\n<p> <img decoding=\"async\" src=\"https:\/\/www.pm.mt.gov.br\/o\/adaptive-media\/image\/78565454\/Thumbnail-1024x1024\/WhatsApp%20Image%202026-04-01%20at%2009.05.58.jpeg\" title=\" \" \/><\/p>\n<div><a>A<\/a> | <a>A<\/a>\n<\/div>\n<div class=\"full-content\">\n<p>Policiais militares da For\u00e7a T\u00e1tica do 2\u00ba Comando Regional prenderam um homem, de 29 anos, pelos crimes de tr\u00e1fico il\u00edcito de drogas e porte ilegal de arma de fogo, na noite desta ter\u00e7a-feira (31.3), em Cuiab\u00e1. Com o suspeito, foram apreendidas 42 por\u00e7\u00f5es de maconha e coca\u00edna, um rev\u00f3lver calibre .38 e uma quantia de R$ 100.<\/p>\n<p>Durante patrulhamento t\u00e1tico, a equipe policial recebeu informa\u00e7\u00f5es de populares de que um homem, utilizando uma tornozeleira eletr\u00f4nica, estava comercializando entorpecentes no bairro Santa Isabel. Diante da den\u00fancia, os policiais se deslocaram at\u00e9 o endere\u00e7o indicado e localizaram o suspeito em frente a uma resid\u00eancia.<\/p>\n<p>O suspeito, ao ver a presen\u00e7a policial, fugiu para o interior do im\u00f3vel. Em seguida, a equipe realizou a abordagem em um dos c\u00f4modos. Na a\u00e7\u00e3o, os militares localizaram um rev\u00f3lver calibre .38 em poder do suspeito e duas por\u00e7\u00f5es de maconha e duas de coca\u00edna.<\/p>\n<p>Logo ap\u00f3s, durante buscas na resid\u00eancia, a equipe policial encontrou mais 40 por\u00e7\u00f5es de coca\u00edna, uma quantia em dinheiro e material de preparo. Diante dos fatos, o homem foi encaminhado para a Central de Flagrantes, junto com o material apreendido, para as provid\u00eancias que o caso requer.<\/p>\n<p><strong>Disque-den\u00fancia<\/strong><\/p>\n<p>A sociedade pode contribuir com as a\u00e7\u00f5es da Pol\u00edcia Militar de qualquer cidade do Estado, sem precisar se identificar, por meio do 190 ou 0800.065.3939.<\/p>\n<p><em>*Sob supervis\u00e3o Wellyngton Souza<\/em><\/p>\n<\/div>\n<\/div>","protected":false},"excerpt":{"rendered":"<p>EM CUIAB\u00c1 For\u00e7a T\u00e1tica prende homem por tr\u00e1fico de drogas e apreende 42 por\u00e7\u00f5es de entorpecentes 01 de Abril de&hellip;<\/p>\n","protected":false},"author":4,"featured_media":55717,"comment_status":"open","ping_status":"open","sticky":false,"template":"","format":"standard","meta":{"footnotes":""},"categories":[172],"tags":[],"class_list":["post-327435","post","type-post","status-publish","format-standard","has-post-thumbnail","hentry","category-policia"],"_links":{"self":[{"href":"https:\/\/villanews.com.br\/index.php?rest_route=\/wp\/v2\/posts\/327435","targetHints":{"allow":["GET"]}}],"collection":[{"href":"https:\/\/villanews.com.br\/index.php?rest_route=\/wp\/v2\/posts"}],"about":[{"href":"https:\/\/villanews.com.br\/index.php?rest_route=\/wp\/v2\/types\/post"}],"author":[{"embeddable":true,"href":"https:\/\/villanews.com.br\/index.php?rest_route=\/wp\/v2\/users\/4"}],"replies":[{"embeddable":true,"href":"https:\/\/villanews.com.br\/index.php?rest_route=%2Fwp%2Fv2%2Fcomments&post=327435"}],"version-history":[{"count":0,"href":"https:\/\/villanews.com.br\/index.php?rest_route=\/wp\/v2\/posts\/327435\/revisions"}],"wp:featuredmedia":[{"embeddable":true,"href":"https:\/\/villanews.com.br\/index.php?rest_route=\/wp\/v2\/media\/55717"}],"wp:attachment":[{"href":"https:\/\/villanews.com.br\/index.php?rest_route=%2Fwp%2Fv2%2Fmedia&parent=327435"}],"wp:term":[{"taxonomy":"category","embeddable":true,"href":"https:\/\/villanews.com.br\/index.php?rest_route=%2Fwp%2Fv2%2Fcategories&post=327435"},{"taxonomy":"post_tag","embeddable":true,"href":"https:\/\/villanews.com.br\/index.php?rest_route=%2Fwp%2Fv2%2Ftags&post=327435"}],"curies":[{"name":"wp","href":"https:\/\/api.w.org\/{rel}","templated":true}]}}