{"id":327429,"date":"2026-04-01T09:20:12","date_gmt":"2026-04-01T13:20:12","guid":{"rendered":"https:\/\/villanews.com.br\/?p=327429"},"modified":"2026-04-01T09:20:12","modified_gmt":"2026-04-01T13:20:12","slug":"precos-no-mercado-livre-de-energia-sobem-121-em-dois-anos","status":"publish","type":"post","link":"https:\/\/villanews.com.br\/?p=327429","title":{"rendered":"Pre\u00e7os no mercado livre de energia sobem 121% em dois anos"},"content":{"rendered":"<div class=\"postBody_post-body-container__1KhtH\">\n<p>Ainda em implementa\u00e7\u00e3o, o mercado livre de energia el\u00e9trica enfrentou um cen\u00e1rio de eleva\u00e7\u00e3o nos pre\u00e7os nos \u00faltimos dois anos. Ainda dispon\u00edvel apenas para os usu\u00e1rios de alta tens\u00e3o, mas com previs\u00e3o de disponibiliza\u00e7\u00e3o ao com\u00e9rcio e \u00e0 ind\u00fastria em 2027 e \u00e0s resid\u00eancias em 2028, a modalidade registrou um aumento de 59% em contrata\u00e7\u00f5es de longo prazo e de 121% em contratos de at\u00e9 tr\u00eas meses.<\/p>\n<p>Os dados s\u00e3o de um relat\u00f3rio da Associa\u00e7\u00e3o Brasileira dos Comercializadores de Energia (Abraceel), divulgado nesta quarta-feira (1\u00ba). Diferentemente do modelo tradicional, em que o consumidor \u00e9 obrigado a usar a eletricidade de uma concession\u00e1ria e a tarifa \u00e9 regulada pelo governo, no mercado livre os pre\u00e7os variam em fun\u00e7\u00e3o da oferta e da demanda, mas ainda s\u00e3o influenciados pelo Estado, por meio do Operador Nacional do Sistema El\u00e9trico (ONS) e pelo Comit\u00ea de Monitoramento do Setor El\u00e9trico (CMSE).<\/p>\n<p>VEJA TAMB\u00c9M:<\/p>\n<p>O mercado livre de energia el\u00e9trica foi inclu\u00eddo em novembro de 2025 no marco regulat\u00f3rio do setor el\u00e9trico. Ap\u00f3s a consolida\u00e7\u00e3o, os consumidores estar\u00e3o livres da concess\u00e3o p\u00fablica e poder\u00e3o escolher de qual empresa contratar\u00e3o o fornecimento de energia el\u00e9trica.<\/p>\n<p>De acordo com dados da C\u00e2mara de Comercializa\u00e7\u00e3o de Energia El\u00e9trica (CCEE), o mercado livre j\u00e1 representa 43% de toda a eletricidade consumida no pa\u00eds, com 85 mil ades\u00f5es. A legisla\u00e7\u00e3o, por\u00e9m, ainda possui distor\u00e7\u00f5es: enquanto os compradores s\u00e3o obrigados a se vincular a contratos, os geradores n\u00e3o possuem tal obriga\u00e7\u00e3o.<\/p>\n<p>Na avalia\u00e7\u00e3o do presidente da Abraceel, a solu\u00e7\u00e3o para lidar com a escalada dos contratos passa por a\u00e7\u00f5es da Ag\u00eancia Nacional de Energia El\u00e9trica (Aneel) para evitar &#8220;artificialidades na forma\u00e7\u00e3o do pre\u00e7o da energia, como poder de mercado e sobrecustos com a opera\u00e7\u00e3o do sistema&#8221;.<\/p>\n<\/div>\n<p>\u00a0<\/p>","protected":false},"excerpt":{"rendered":"<p>Ainda em implementa\u00e7\u00e3o, o mercado livre de energia el\u00e9trica enfrentou um cen\u00e1rio de eleva\u00e7\u00e3o nos pre\u00e7os nos \u00faltimos dois anos.&hellip;<\/p>\n","protected":false},"author":4,"featured_media":327289,"comment_status":"open","ping_status":"open","sticky":false,"template":"","format":"standard","meta":{"footnotes":""},"categories":[190],"tags":[],"class_list":["post-327429","post","type-post","status-publish","format-standard","has-post-thumbnail","hentry","category-economia"],"_links":{"self":[{"href":"https:\/\/villanews.com.br\/index.php?rest_route=\/wp\/v2\/posts\/327429","targetHints":{"allow":["GET"]}}],"collection":[{"href":"https:\/\/villanews.com.br\/index.php?rest_route=\/wp\/v2\/posts"}],"about":[{"href":"https:\/\/villanews.com.br\/index.php?rest_route=\/wp\/v2\/types\/post"}],"author":[{"embeddable":true,"href":"https:\/\/villanews.com.br\/index.php?rest_route=\/wp\/v2\/users\/4"}],"replies":[{"embeddable":true,"href":"https:\/\/villanews.com.br\/index.php?rest_route=%2Fwp%2Fv2%2Fcomments&post=327429"}],"version-history":[{"count":0,"href":"https:\/\/villanews.com.br\/index.php?rest_route=\/wp\/v2\/posts\/327429\/revisions"}],"wp:featuredmedia":[{"embeddable":true,"href":"https:\/\/villanews.com.br\/index.php?rest_route=\/wp\/v2\/media\/327289"}],"wp:attachment":[{"href":"https:\/\/villanews.com.br\/index.php?rest_route=%2Fwp%2Fv2%2Fmedia&parent=327429"}],"wp:term":[{"taxonomy":"category","embeddable":true,"href":"https:\/\/villanews.com.br\/index.php?rest_route=%2Fwp%2Fv2%2Fcategories&post=327429"},{"taxonomy":"post_tag","embeddable":true,"href":"https:\/\/villanews.com.br\/index.php?rest_route=%2Fwp%2Fv2%2Ftags&post=327429"}],"curies":[{"name":"wp","href":"https:\/\/api.w.org\/{rel}","templated":true}]}}