{"id":327398,"date":"2026-04-01T06:22:10","date_gmt":"2026-04-01T10:22:10","guid":{"rendered":"https:\/\/villanews.com.br\/?p=327398"},"modified":"2026-04-01T06:22:10","modified_gmt":"2026-04-01T10:22:10","slug":"nunes-marques-suspende-afastamento-de-rodrigo-manga-da-prefeitura-de-sorocaba","status":"publish","type":"post","link":"https:\/\/villanews.com.br\/?p=327398","title":{"rendered":"Nunes Marques suspende afastamento de Rodrigo Manga da prefeitura de Sorocaba"},"content":{"rendered":"<div class=\"postBody_post-body-container__1KhtH\">\n<p>O ministro do Supremo Tribunal Federal (STF) Nunes Marques concedeu uma liminar em favor do prefeito de Sorocaba (SP), Rodrigo Manga (Republicanos), suspendendo seu afastamento do Executivo municipal. A decis\u00e3o \u00e9 desta ter\u00e7a-feira (31) e passar\u00e1 pela an\u00e1lise da Segunda Turma.<\/p>\n<p>O afastamento foi determinado pelo Tribunal Regional Federal da 3\u00aa Regi\u00e3o (TRF3) ap\u00f3s a segunda fase da Opera\u00e7\u00e3o Copia e Cola, que investiga desvio de recursos p\u00fablicos na sa\u00fade. A suposta ilegalidade envolveria a contrata\u00e7\u00e3o emergencial de uma organiza\u00e7\u00e3o social para gerir as unidades de sa\u00fade do munic\u00edpio.<\/p>\n<p>A defesa pediu a suspens\u00e3o da medida primeiramente ao Superior Tribunal de Justi\u00e7a (STJ), mas o <em>habeas corpus<\/em> foi negado. Al\u00e9m do afastamento, ele estava proibido de se aproximar da sede da Prefeitura e de fazer contato com servidores p\u00fablicos municipais e com outros investigados.<\/p>\n<p>VEJA TAMB\u00c9M:<\/p>\n<p>O ministro viu &#8220;ind\u00edcios de participa\u00e7\u00e3o do paciente nos il\u00edcitos em investiga\u00e7\u00e3o&#8221;. Em seu entendimento, por\u00e9m, manter o afastamento, que tamb\u00e9m foi determinado por meio de liminar, configuraria uma &#8220;interven\u00e7\u00e3o excessiva na esfera pol\u00edtica e administrativa&#8221;, uma vez que a Pol\u00edcia, em sua vis\u00e3o, n\u00e3o conseguiu demonstrar que h\u00e1 &#8220;risco efetivo e atual \u00e0 ordem p\u00fablica&#8221; ou \u00e0 pr\u00f3pria integridade das investiga\u00e7\u00f5es.<\/p>\n<p>&#8220;No presente momento, a pondera\u00e7\u00e3o dos valores constitucionais em jogo conduz \u00e0 preval\u00eancia da legitimidade democr\u00e1tica, express\u00e3o do voto popular, tornando desproporcional a continuidade do afastamento&#8221;, conclui Nunes Marques.<\/p>\n<p>O magistrado ainda considerou que Manga est\u00e1 afastado h\u00e1 quase cinco meses. Com isso, ele aplicou um precedente: o afastamento do ent\u00e3o governador do Distrito Federal, Ibaneis Rocha (MDB), ap\u00f3s os atos de 8 de janeiro de 2023 na Pra\u00e7a dos Tr\u00eas Poderes. Nunes Marques votou contra, mas a maioria entendeu que o chefe do Executivo deveria ficar afastado por 90 dias, o que agora foi adotado como par\u00e2metro.<\/p>\n<\/div>","protected":false},"excerpt":{"rendered":"<p>O ministro do Supremo Tribunal Federal (STF) Nunes Marques concedeu uma liminar em favor do prefeito de Sorocaba (SP), Rodrigo&hellip;<\/p>\n","protected":false},"author":4,"featured_media":326977,"comment_status":"open","ping_status":"open","sticky":false,"template":"","format":"standard","meta":{"footnotes":""},"categories":[204],"tags":[],"class_list":["post-327398","post","type-post","status-publish","format-standard","has-post-thumbnail","hentry","category-ultimas-noticias"],"_links":{"self":[{"href":"https:\/\/villanews.com.br\/index.php?rest_route=\/wp\/v2\/posts\/327398","targetHints":{"allow":["GET"]}}],"collection":[{"href":"https:\/\/villanews.com.br\/index.php?rest_route=\/wp\/v2\/posts"}],"about":[{"href":"https:\/\/villanews.com.br\/index.php?rest_route=\/wp\/v2\/types\/post"}],"author":[{"embeddable":true,"href":"https:\/\/villanews.com.br\/index.php?rest_route=\/wp\/v2\/users\/4"}],"replies":[{"embeddable":true,"href":"https:\/\/villanews.com.br\/index.php?rest_route=%2Fwp%2Fv2%2Fcomments&post=327398"}],"version-history":[{"count":0,"href":"https:\/\/villanews.com.br\/index.php?rest_route=\/wp\/v2\/posts\/327398\/revisions"}],"wp:featuredmedia":[{"embeddable":true,"href":"https:\/\/villanews.com.br\/index.php?rest_route=\/wp\/v2\/media\/326977"}],"wp:attachment":[{"href":"https:\/\/villanews.com.br\/index.php?rest_route=%2Fwp%2Fv2%2Fmedia&parent=327398"}],"wp:term":[{"taxonomy":"category","embeddable":true,"href":"https:\/\/villanews.com.br\/index.php?rest_route=%2Fwp%2Fv2%2Fcategories&post=327398"},{"taxonomy":"post_tag","embeddable":true,"href":"https:\/\/villanews.com.br\/index.php?rest_route=%2Fwp%2Fv2%2Ftags&post=327398"}],"curies":[{"name":"wp","href":"https:\/\/api.w.org\/{rel}","templated":true}]}}