{"id":327357,"date":"2026-04-01T09:58:01","date_gmt":"2026-04-01T13:58:01","guid":{"rendered":"https:\/\/villanews.com.br\/?p=327357"},"modified":"2026-04-01T09:58:01","modified_gmt":"2026-04-01T13:58:01","slug":"senado-aprova-guarda-compartilhada-de-animais-de-estimacao","status":"publish","type":"post","link":"https:\/\/villanews.com.br\/?p=327357","title":{"rendered":"Senado aprova guarda compartilhada de animais de estima\u00e7\u00e3o"},"content":{"rendered":"<div class=\"postBody_post-body-container__1KhtH\">\n<p>O Senado Federal aprovou nesta ter\u00e7a-feira (31) um projeto de lei de autoria da deputada federal Laura Carneiro (PSD-RJ) que autoriza a guarda compartilhada de animais de estima\u00e7\u00e3o. O texto, protocolado na C\u00e2mara em mar\u00e7o de 2024, seguir\u00e1 agora para a san\u00e7\u00e3o do presidente Lula (PT).<\/p>\n<p>&#8220;A doutrina e a jurisprud\u00eancia brasileiras, influenciadas por tend\u00eancias contempor\u00e2neas de desobjetifica\u00e7\u00e3o dos animais, t\u00eam reconhecido aos animais, especialmente aos de estima\u00e7\u00e3o, a condi\u00e7\u00e3o de seres sencientes&#8221;, diz o parecer do senador Veneziano Vital do R\u00eago (MDB-PB), relator da proposta na Comiss\u00e3o de Constitui\u00e7\u00e3o e Justi\u00e7a (CCJ) do Senado.<\/p>\n<p>Ainda de acordo com Vital do R\u00eago, o projeto n\u00e3o busca alterar o direito \u00e0 propriedade dos animais, mas &#8220;reconhecer que o v\u00ednculo afetivo estabelecido entre as pessoas e o animal de estima\u00e7\u00e3o transcende a mera posse de um objeto inanimado&#8221;.<\/p>\n<p>VEJA TAMB\u00c9M:<\/p>\n<p>Outra ressalva vem do texto inicial. Laura Carneiro esclarece que n\u00e3o h\u00e1 previs\u00e3o para pris\u00e3o por falta de pagamento das despesas de cuidado, como ocorre nos casos envolvendo pens\u00e3o aliment\u00edcia \u2014 a \u00fanica pris\u00e3o por d\u00edvida permitida pela Constitui\u00e7\u00e3o Federal.<\/p>\n<p>Caso seja sancionada, a nova lei passar\u00e1 a prever que, no caso de div\u00f3rcio ou fim da uni\u00e3o est\u00e1vel, o juiz dever\u00e1 determinar o compartilhamento da guarda dos animais e das despesas, levando em conta fatores como o ambiente, as condi\u00e7\u00f5es de cuidado, a capacidade financeira e a disponibilidade de tempo de cada parte.<\/p>\n<p>A guarda compartilhada, por\u00e9m, ser\u00e1 negada quando houver hist\u00f3rico de maus-tratos ou de viol\u00eancia dom\u00e9stica. O texto ainda prev\u00ea a possibilidade de ren\u00fancia. Nesse caso, quem renunciou deve quitar todas as despesas relativas \u00e0 divis\u00e3o da posse do animal at\u00e9 aquele momento.<\/p>\n<\/div>","protected":false},"excerpt":{"rendered":"<p>O Senado Federal aprovou nesta ter\u00e7a-feira (31) um projeto de lei de autoria da deputada federal Laura Carneiro (PSD-RJ) que&hellip;<\/p>\n","protected":false},"author":4,"featured_media":327358,"comment_status":"open","ping_status":"open","sticky":false,"template":"","format":"standard","meta":{"footnotes":""},"categories":[204],"tags":[],"class_list":["post-327357","post","type-post","status-publish","format-standard","has-post-thumbnail","hentry","category-ultimas-noticias"],"_links":{"self":[{"href":"https:\/\/villanews.com.br\/index.php?rest_route=\/wp\/v2\/posts\/327357","targetHints":{"allow":["GET"]}}],"collection":[{"href":"https:\/\/villanews.com.br\/index.php?rest_route=\/wp\/v2\/posts"}],"about":[{"href":"https:\/\/villanews.com.br\/index.php?rest_route=\/wp\/v2\/types\/post"}],"author":[{"embeddable":true,"href":"https:\/\/villanews.com.br\/index.php?rest_route=\/wp\/v2\/users\/4"}],"replies":[{"embeddable":true,"href":"https:\/\/villanews.com.br\/index.php?rest_route=%2Fwp%2Fv2%2Fcomments&post=327357"}],"version-history":[{"count":0,"href":"https:\/\/villanews.com.br\/index.php?rest_route=\/wp\/v2\/posts\/327357\/revisions"}],"wp:featuredmedia":[{"embeddable":true,"href":"https:\/\/villanews.com.br\/index.php?rest_route=\/wp\/v2\/media\/327358"}],"wp:attachment":[{"href":"https:\/\/villanews.com.br\/index.php?rest_route=%2Fwp%2Fv2%2Fmedia&parent=327357"}],"wp:term":[{"taxonomy":"category","embeddable":true,"href":"https:\/\/villanews.com.br\/index.php?rest_route=%2Fwp%2Fv2%2Fcategories&post=327357"},{"taxonomy":"post_tag","embeddable":true,"href":"https:\/\/villanews.com.br\/index.php?rest_route=%2Fwp%2Fv2%2Ftags&post=327357"}],"curies":[{"name":"wp","href":"https:\/\/api.w.org\/{rel}","templated":true}]}}