{"id":327355,"date":"2026-04-01T08:30:48","date_gmt":"2026-04-01T12:30:48","guid":{"rendered":"https:\/\/villanews.com.br\/?p=327355"},"modified":"2026-04-01T08:30:48","modified_gmt":"2026-04-01T12:30:48","slug":"sao-paulo-tenta-voltar-a-vencer-em-reencontro-de-roger-com-internacional","status":"publish","type":"post","link":"https:\/\/villanews.com.br\/?p=327355","title":{"rendered":"S\u00e3o Paulo tenta voltar a vencer em reencontro de Roger com Internacional"},"content":{"rendered":"<div class=\"text-darkgray lg:w-2\/3\">\n<div>\n<h2>Em campo, Artur est\u00e1 liberado para estrear. Ele pode aparecer j\u00e1 no time titular, j\u00e1 que Roger Machado quer implementar mudan\u00e7as na forma\u00e7\u00e3o do S\u00e3o Paulo, priorizando o jogo com pontas<\/h2>\n<\/div>\n<p><img decoding=\"async\" src=\"https:\/\/media-manager.noticiasaominuto.com.br\/960\/naom_6994440f1f620.webp?crop_params=eyJsYW5kc2NhcGUiOnsiY3JvcFdpZHRoIjoyMDQ4LCJjcm9wSGVpZ2h0IjoxMTUyLCJjcm9wWCI6MTIyLCJjcm9wWSI6LTF9fQ==\" \/><\/p>\n<p>\u00a9 Getty<\/p>\n<p><img decoding=\"async\" src=\"https:\/\/noticiasaominutobr-img.com\/team\/naom.png\" \/><\/p>\n<p><span><br \/>\n                    01\/04\/2026 09:30 \u2027<br \/>\n                    h\u00e1 1 hora<br \/>\n                    por Estadao Conteudo<br \/>\n                <\/span><\/p>\n<p>\n                        Esporte\n                    <\/p>\n<p>\n<a href=\"https:\/\/www.noticiasaominuto.com.br\/esporte\/tag\/brasileirao\"><br \/>\n                                Brasileir\u00e3o<br \/>\n                            <\/a>\n<\/p>\n<div class=\"article-content mb-24 font-slab text-paragraph font-light\">\n<p><span>O<\/span> S\u00e3o Paulo visita o Internacional na retomada do Campeonato Brasileiro ap\u00f3s a Data Fifa nesta quarta-feira, \u00e0s 19h30 (de Bras\u00edlia). A nona rodada marca o reencontro de Roger Machado com o ex-clube.<\/p>\n<p>                                                        \u00a0<\/p>\n<p>A equipe s\u00e3o-paulina perdeu a vice-lideran\u00e7a no per\u00edodo sem jogos, ainda que sem entrar em campo. O Athletico-PR venceu o Botafogo em partida atrasada e assumiu o posto.<\/p>\n<p>Ainda h\u00e1 como retomar a ponta nesta rodada. Al\u00e9m de vencer o Internacional, o S\u00e3o Paulo precisa que os paranenses e o Palmeiras percam. H\u00e1 tamb\u00e9m uma diferen\u00e7a de saldo de gols a ser recuperada contra o time alviverde.<\/p>\n<p>Em campo, Artur est\u00e1 liberado para estrear. Ele pode aparecer j\u00e1 no time titular, j\u00e1 que Roger Machado quer implementar mudan\u00e7as na forma\u00e7\u00e3o do S\u00e3o Paulo, priorizando o jogo com pontas.<\/p>\n<p>Quem nem viajou a Porto Alegre \u00e9 o zagueiro Alan Franco. O argentino sequer treinou na ter\u00e7a-feira por dores na panturrilha direita. Ele passa por tratamento no Reffis do S\u00e3o Paulo.<\/p>\n<p>Titular desde a chegada de Roger, Wendell exalta a sintonia do elenco com Roger. &#8220;Conseguimos, nesses dias, assimilar muita coisa (do trabalho do Roger). Vamos colocar no jogo e conseguir um bom resultado l\u00e1&#8221;, diz.<\/p>\n<p>&#8220;\u00c9 um treinador que fez a nossa posi\u00e7\u00e3o, vem conversando comigo, com os laterais-direitos. Viveu muito tempo isso. Foi um lateral que fez hist\u00f3ria no futebol brasileiro. Sempre muito bom escutar os conselhos de quem jogou ali por muito tempo&#8221;, avalia.<\/p>\n<p>Roger tenta, contudo, convencer o torcedor. S\u00e3o quatro jogos no comando do S\u00e3o Paulo, com duas vit\u00f3rias (Chapecoense e Red Bull Bragantino) e duas derrotas (Atl\u00e9tico-MG e Palmeiras).<\/p>\n<p>O Internacional vem de duas vit\u00f3rias, que fizeram o time sair da zona de rebaixamento e somar oito pontos. A equipe bateu Chapecoense e Santos. O desafio \u00e9 manter a competitividade diante de um advers\u00e1rio mais forte que os dois anteriores.<\/p>\n<p>Apesar de ter jogadores convocados, dois dos principais atletas colorados j\u00e1 estar\u00e3o \u00e0 disposi\u00e7\u00e3o. Borr\u00e9 e Carbonero retornaram dos compromissos da sele\u00e7\u00e3o colombiana e treinaram na ter\u00e7a-feira.<\/p>\n<p>Entretanto, Rochet e F\u00e9lix Torres desfalcam o time de Paulo Pezzolano, j\u00e1 que foram titulares por Uruguai e Equador, respectivamente, nesta ter\u00e7a-feira. Anthoni e Juninho ou Victor Gabriel assumem as posi\u00e7\u00f5es.<\/p>\n<p>FICHA T\u00c9CNICA<\/p>\n<p>INTERNACIONAL X S\u00c3O PAULO<\/p>\n<p>INTERNACIONAL &#8211; Anthoni; Bruno Gomes, Mercado, Juninho (Victor Gabriel) e Matheus Bahia; Villagra, Bruno Henrique, Alan Rodr\u00edguez e Alan Patrick; Carbonero e Borr\u00e9. T\u00e9cnico: Paulo Pezzolano.<\/p>\n<p>S\u00c3O PAULO &#8211; Rafael; Lucas Ramon, Arboleda, Sabino e Wendell; Danielzinho, Marcos Ant\u00f4nio e Cauly; Artur, Luciano e Calleri. T\u00e9cnico: Roger Machado.<\/p>\n<p>\u00c1RBITRO &#8211; Lucas Casagrande (PR).<\/p>\n<p>HOR\u00c1RIO &#8211; 19h30 (de Bras\u00edlia).<\/p>\n<p>LOCAL &#8211; Beira-Rio, em Porto Alegre.<\/p>\n<p><img decoding=\"async\" src=\"https:\/\/media-manager.noticiasaominuto.com\/640\/naom_5b2045ac89bb9.jpg\" \/><\/p>\n<h2><a href=\"https:\/\/www.noticiasaominuto.com.br\/esporte\/2371686\/veja-as-48-selecoes-classificadas-e-como-ficaram-os-grupos-da-copa\"> Veja as 48 sele\u00e7\u00f5es classificadas e como ficaram os grupos da Copa <\/a><\/h2>\n<p>Iraque conquista \u00faltima vaga nos playoffs e define grupos do Mundial de 2026, que ter\u00e1 formato in\u00e9dito com 48 sele\u00e7\u00f5es. Brasil est\u00e1 no Grupo C e j\u00e1 conhece advers\u00e1rios, datas e cidades onde disputar\u00e1 os jogos da fase inicial<\/p>\n<p><small> Not\u00edcias ao Minuto | 06:40 &#8211; 01\/04\/2026 <\/small><\/p>\n<\/div>\n<p>\n            Partilhe a not\u00edcia\n        <\/p>\n<\/div>","protected":false},"excerpt":{"rendered":"<p>Em campo, Artur est\u00e1 liberado para estrear. Ele pode aparecer j\u00e1 no time titular, j\u00e1 que Roger Machado quer implementar&hellip;<\/p>\n","protected":false},"author":4,"featured_media":327356,"comment_status":"open","ping_status":"open","sticky":false,"template":"","format":"standard","meta":{"footnotes":""},"categories":[6],"tags":[],"class_list":["post-327355","post","type-post","status-publish","format-standard","has-post-thumbnail","hentry","category-esportes"],"_links":{"self":[{"href":"https:\/\/villanews.com.br\/index.php?rest_route=\/wp\/v2\/posts\/327355","targetHints":{"allow":["GET"]}}],"collection":[{"href":"https:\/\/villanews.com.br\/index.php?rest_route=\/wp\/v2\/posts"}],"about":[{"href":"https:\/\/villanews.com.br\/index.php?rest_route=\/wp\/v2\/types\/post"}],"author":[{"embeddable":true,"href":"https:\/\/villanews.com.br\/index.php?rest_route=\/wp\/v2\/users\/4"}],"replies":[{"embeddable":true,"href":"https:\/\/villanews.com.br\/index.php?rest_route=%2Fwp%2Fv2%2Fcomments&post=327355"}],"version-history":[{"count":0,"href":"https:\/\/villanews.com.br\/index.php?rest_route=\/wp\/v2\/posts\/327355\/revisions"}],"wp:featuredmedia":[{"embeddable":true,"href":"https:\/\/villanews.com.br\/index.php?rest_route=\/wp\/v2\/media\/327356"}],"wp:attachment":[{"href":"https:\/\/villanews.com.br\/index.php?rest_route=%2Fwp%2Fv2%2Fmedia&parent=327355"}],"wp:term":[{"taxonomy":"category","embeddable":true,"href":"https:\/\/villanews.com.br\/index.php?rest_route=%2Fwp%2Fv2%2Fcategories&post=327355"},{"taxonomy":"post_tag","embeddable":true,"href":"https:\/\/villanews.com.br\/index.php?rest_route=%2Fwp%2Fv2%2Ftags&post=327355"}],"curies":[{"name":"wp","href":"https:\/\/api.w.org\/{rel}","templated":true}]}}