{"id":327351,"date":"2026-04-01T09:15:48","date_gmt":"2026-04-01T13:15:48","guid":{"rendered":"https:\/\/villanews.com.br\/?p=327351"},"modified":"2026-04-01T09:15:48","modified_gmt":"2026-04-01T13:15:48","slug":"athletico-pr-visita-bahia-de-olho-na-lideranca-e-tenta-manter-embalo-no-brasileirao","status":"publish","type":"post","link":"https:\/\/villanews.com.br\/?p=327351","title":{"rendered":"Athletico-PR visita Bahia de olho na lideran\u00e7a e tenta manter embalo no Brasileir\u00e3o"},"content":{"rendered":"<div class=\"text-darkgray lg:w-2\/3\">\n<div>\n<h2>O Athletico faz uma grande campanha e aparece na vice-lideran\u00e7a, com 16 pontos, atr\u00e1s apenas do Palmeiras, que soma 19. O time paranaense chega embalado ap\u00f3s vencer por 2 a 0 o rival Coritiba no cl\u00e1ssico e tenta aproveitar o momento para seguir na cola do l\u00edder<\/h2>\n<\/div>\n<p><img decoding=\"async\" src=\"https:\/\/media-manager.noticiasaominuto.com.br\/960\/naom_64d36d6c3a01b.webp\" \/><\/p>\n<p>\u00a9 Getty<\/p>\n<p><img decoding=\"async\" src=\"https:\/\/noticiasaominutobr-img.com\/team\/naom.png\" \/><\/p>\n<p><span><br \/>\n                    01\/04\/2026 10:15 \u2027<br \/>\n                    h\u00e1 45 minutos<br \/>\n                    por Estadao Conteudo<br \/>\n                <\/span><\/p>\n<p>\n                        Esporte\n                    <\/p>\n<p>\n<a href=\"https:\/\/www.noticiasaominuto.com.br\/esporte\/tag\/brasileirao\"><br \/>\n                                Brasileir\u00e3o<br \/>\n                            <\/a>\n<\/p>\n<div class=\"article-content mb-24 font-slab text-paragraph font-light\">\n<p><span>D<\/span>e olho na ponta do Campeonato Brasileiro, o Athletico-PR visita o Bahia nesta quarta-feira, \u00e0s 20h, na Arena Fonte Nova, em Salvador, pela nona rodada. Separados por apenas dois pontos na tabela, os times entram em campo com objetivos claros na parte de cima da classifica\u00e7\u00e3o.<\/p>\n<p>                                                        \u00a0<\/p>\n<p>O Athletico faz uma grande campanha e aparece na vice-lideran\u00e7a, com 16 pontos, atr\u00e1s apenas do Palmeiras, que soma 19. O time paranaense chega embalado ap\u00f3s vencer por 2 a 0 o rival Coritiba no cl\u00e1ssico e tenta aproveitar o momento para seguir na cola do l\u00edder.<\/p>\n<p>Para o confronto, o t\u00e9cnico Odair Hellmann ter\u00e1 uma baixa na defesa. O zagueiro Arthur Dias cumpre suspens\u00e3o pelo terceiro cart\u00e3o amarelo, e Ter\u00e1n deve assumir a vaga. Por outro lado, a lista de relacionados traz uma novidade importante: o atacante Isaac, recuperado de uma grave les\u00e3o no joelho direito ap\u00f3s sete meses, volta a ficar \u00e0 disposi\u00e7\u00e3o e come\u00e7a como op\u00e7\u00e3o no banco.<\/p>\n<p>&#8220;A gente vem construindo uma campanha consistente, mas sabe que cada rodada exige um n\u00edvel alto de concentra\u00e7\u00e3o. \u00c9 um jogo dif\u00edcil, fora de casa, e precisamos manter nossa identidade para seguir pontuando&#8221;, afirmou Odair.<\/p>\n<p>O Bahia, por sua vez, tenta se reabilitar ap\u00f3s a derrota por 4 a 1 para o Remo, resultado que interrompeu a sequ\u00eancia positiva e afastou o time do G-4. Com 14 pontos, o time tricolor ocupa a sexta coloca\u00e7\u00e3o e v\u00ea o confronto como oportunidade de retomada.<\/p>\n<p>A pausa da Data Fifa foi importante para o t\u00e9cnico Rog\u00e9rio Ceni recuperar pe\u00e7as. Everton Ribeiro deve voltar ao time titular ap\u00f3s se recuperar de les\u00e3o, enquanto o lateral Gilberto tamb\u00e9m retorna ap\u00f3s cirurgia. O zagueiro David Duarte segue como op\u00e7\u00e3o, e o volante Acevedo volta de suspens\u00e3o.<\/p>\n<p>A principal d\u00favida segue no ataque. Willian Jos\u00e9 participou parcialmente das atividades ap\u00f3s les\u00e3o e ainda ser\u00e1 avaliado antes da partida. &#8220;Sabemos do n\u00edvel do advers\u00e1rio, mas jogamos em casa e precisamos responder. \u00c9 um jogo importante para nos recolocar entre os primeiros e retomar a confian\u00e7a&#8221;, disse Rog\u00e9rio Ceni.<\/p>\n<p>FICHA T\u00c9CNICA<\/p>\n<p>ATHLETICO X BAHIA<\/p>\n<p>ATHLETICO &#8211; Santos; Benav\u00eddez, Aguirre, Ter\u00e1n e Esquivel; Luiz Gustavo, Jadson e Dudu; Julimar, Viveros e Mendoza. T\u00e9cnico: Odair Hellmann.<\/p>\n<p>BAHIA &#8211; Jo\u00e3o Paulo; Acevedo, Gabriel Xavier, Ramos Mingo e Luciano Juba; Erick, Jean Lucas e Everton Ribeiro; Kike Olivera, Erick Pulga e Everaldo. T\u00e9cnico: Rog\u00e9rio Ceni.<\/p>\n<p>\u00c1RBITRO &#8211; Jonathan Benkenstein Pinheiro (RS).<\/p>\n<p>HOR\u00c1RIO &#8211; 20h.<\/p>\n<p>LOCAL &#8211; Arena Fonte Nova, em Salvador (BA).<\/p>\n<p><img decoding=\"async\" src=\"https:\/\/media-manager.noticiasaominuto.com\/640\/naom_69ccc10593cee.jpg\" \/><\/p>\n<h2><a href=\"https:\/\/www.noticiasaominuto.com.br\/esporte\/2371682\/o-sonho-acabou-para-eles-veja-os-craques-que-vao-assistir-a-copa-pela-tv\"> O sonho acabou para eles: veja os craques que v\u00e3o assistir \u00e0 Copa pela TV <\/a><\/h2>\n<p>Grandes sele\u00e7\u00f5es ficaram fora da Copa do Mundo de 2026 ap\u00f3s os playoffs e levaram com elas nomes conhecidos do futebol europeu. Aus\u00eancias de peso chamam aten\u00e7\u00e3o e mudam o cen\u00e1rio da competi\u00e7\u00e3o, que ser\u00e1 disputada por 48 equipes<\/p>\n<p><small> Not\u00edcias ao Minuto | 07:00 &#8211; 01\/04\/2026 <\/small><\/p>\n<\/div>\n<p>\n            Partilhe a not\u00edcia\n        <\/p>\n<\/div>","protected":false},"excerpt":{"rendered":"<p>O Athletico faz uma grande campanha e aparece na vice-lideran\u00e7a, com 16 pontos, atr\u00e1s apenas do Palmeiras, que soma 19.&hellip;<\/p>\n","protected":false},"author":4,"featured_media":327352,"comment_status":"open","ping_status":"open","sticky":false,"template":"","format":"standard","meta":{"footnotes":""},"categories":[6],"tags":[],"class_list":["post-327351","post","type-post","status-publish","format-standard","has-post-thumbnail","hentry","category-esportes"],"_links":{"self":[{"href":"https:\/\/villanews.com.br\/index.php?rest_route=\/wp\/v2\/posts\/327351","targetHints":{"allow":["GET"]}}],"collection":[{"href":"https:\/\/villanews.com.br\/index.php?rest_route=\/wp\/v2\/posts"}],"about":[{"href":"https:\/\/villanews.com.br\/index.php?rest_route=\/wp\/v2\/types\/post"}],"author":[{"embeddable":true,"href":"https:\/\/villanews.com.br\/index.php?rest_route=\/wp\/v2\/users\/4"}],"replies":[{"embeddable":true,"href":"https:\/\/villanews.com.br\/index.php?rest_route=%2Fwp%2Fv2%2Fcomments&post=327351"}],"version-history":[{"count":0,"href":"https:\/\/villanews.com.br\/index.php?rest_route=\/wp\/v2\/posts\/327351\/revisions"}],"wp:featuredmedia":[{"embeddable":true,"href":"https:\/\/villanews.com.br\/index.php?rest_route=\/wp\/v2\/media\/327352"}],"wp:attachment":[{"href":"https:\/\/villanews.com.br\/index.php?rest_route=%2Fwp%2Fv2%2Fmedia&parent=327351"}],"wp:term":[{"taxonomy":"category","embeddable":true,"href":"https:\/\/villanews.com.br\/index.php?rest_route=%2Fwp%2Fv2%2Fcategories&post=327351"},{"taxonomy":"post_tag","embeddable":true,"href":"https:\/\/villanews.com.br\/index.php?rest_route=%2Fwp%2Fv2%2Ftags&post=327351"}],"curies":[{"name":"wp","href":"https:\/\/api.w.org\/{rel}","templated":true}]}}