{"id":327346,"date":"2026-04-01T05:27:40","date_gmt":"2026-04-01T09:27:40","guid":{"rendered":"https:\/\/villanews.com.br\/?p=327346"},"modified":"2026-04-01T05:27:40","modified_gmt":"2026-04-01T09:27:40","slug":"policia-civil-cumpre-10-ordens-judiciais-em-operacao-contra-faccionados-em-barra-do-garcas","status":"publish","type":"post","link":"https:\/\/villanews.com.br\/?p=327346","title":{"rendered":"Pol\u00edcia Civil cumpre 10 ordens judiciais em opera\u00e7\u00e3o contra faccionados em Barra do Gar\u00e7as"},"content":{"rendered":"<div class=\"component-html\" data-lfr-editable-id=\"element-html\" data-lfr-editable-type=\"html\">\n<small>CONTROLE TOTAL<\/small>\n<h2><strong>Pol\u00edcia Civil cumpre 10 ordens judiciais em opera\u00e7\u00e3o contra faccionados em Barra do Gar\u00e7as<\/strong><\/h2>\n<hr \/>\n<h5>01 de Abril de 2026 \u00e0s 09:17<\/h5>\n<h5>Investiga\u00e7\u00f5es identificaram grupo criminoso que atuava de forma estruturada para a pr\u00e1tica de atividades il\u00edcitas<\/h5>\n<div><span>Assessoria<\/span> | <span>Pol\u00edcia Civil &#8211; MT<\/span>\n<\/div>\n<p> <img decoding=\"async\" src=\"https:\/\/www.pjc.mt.gov.br\/o\/adaptive-media\/image\/21915205\/Thumbnail-1024x1024\/Delegacia%20de%20Barra%20do%20Gar%C3%A7as\" title=\" \" \/><\/p>\n<div><a>A<\/a> | <a>A<\/a>\n<\/div>\n<div class=\"full-content\">\n<p>A Pol\u00edcia Civil deflagrou, na manh\u00e3 desta quarta-feira (1\u00ba.4), a Opera\u00e7\u00e3o Controle Total, para cumprimento de dez ordens judiciais com alvo em uma fac\u00e7\u00e3o criminosa envolvida com o de tr\u00e1fico de drogas e outras atividades il\u00edcitas em Barra do Gar\u00e7as e regi\u00e3o.<\/p>\n<p>Foram cumpridos na opera\u00e7\u00e3o cinco mandados de pris\u00e3o preventiva e cinco de busca e apreens\u00e3o domiciliar, expedidos pelo Poder Judici\u00e1rio, com base em investiga\u00e7\u00f5es conduzidas pela 2\u00aa Delegacia de Pol\u00edcia de Barra do Gar\u00e7as.<\/p>\n<p>Entre os alvos est\u00e3o integrantes de fac\u00e7\u00e3o criminosa considerados de alta periculosidade, com atua\u00e7\u00e3o voltada ao tr\u00e1fico de drogas e envolvimento estruturado nas atividades il\u00edcitas do grupo criminoso. A opera\u00e7\u00e3o tem como foco a desarticula\u00e7\u00e3o de grupos criminosos, a redu\u00e7\u00e3o dos \u00edndices de criminalidade e a promo\u00e7\u00e3o da seguran\u00e7a p\u00fablica.<\/p>\n<p>Nas investiga\u00e7\u00f5es, foi poss\u00edvel identificar que o grupo atuava de forma estruturada com divis\u00e3o de tarefas entre os seus membros, havendo n\u00facleos respons\u00e1veis pela comercializa\u00e7\u00e3o direta dos entorpecentes, integrantes com fun\u00e7\u00e3o de lideran\u00e7a local da fac\u00e7\u00e3o criminosa, agentes diretamente envolvidos na log\u00edstica e distribui\u00e7\u00e3o de drogas na regi\u00e3o.<\/p>\n<p><strong>Opera\u00e7\u00e3o Pharus<\/strong><\/p>\n<p>A Opera\u00e7\u00e3o Controle Total integra a Opera\u00e7\u00e3o Pharus. Em 2026, a Pol\u00edcia Civil iniciou a\u00e7\u00f5es do planejamento estrat\u00e9gico no \u00e2mbito da Opera\u00e7\u00e3o Pharus, iniciativa que integra o programa Toler\u00e2ncia Zero, voltado ao enfrentamento de fac\u00e7\u00f5es criminosas em Mato Grosso.<\/p>\n<p>O nome \u201cPharus\u201d faz refer\u00eancia ao termo latino para farol, estrutura associada \u00e0 emiss\u00e3o cont\u00ednua de luz e \u00e0 orienta\u00e7\u00e3o em meio \u00e0 escurid\u00e3o. A escolha do nome busca simbolizar a atua\u00e7\u00e3o do Estado na identifica\u00e7\u00e3o e no enfrentamento de pr\u00e1ticas criminosas.<\/p>\n<\/div>\n<\/div>","protected":false},"excerpt":{"rendered":"<p>CONTROLE TOTAL Pol\u00edcia Civil cumpre 10 ordens judiciais em opera\u00e7\u00e3o contra faccionados em Barra do Gar\u00e7as 01 de Abril de&hellip;<\/p>\n","protected":false},"author":4,"featured_media":55717,"comment_status":"open","ping_status":"open","sticky":false,"template":"","format":"standard","meta":{"footnotes":""},"categories":[172],"tags":[],"class_list":["post-327346","post","type-post","status-publish","format-standard","has-post-thumbnail","hentry","category-policia"],"_links":{"self":[{"href":"https:\/\/villanews.com.br\/index.php?rest_route=\/wp\/v2\/posts\/327346","targetHints":{"allow":["GET"]}}],"collection":[{"href":"https:\/\/villanews.com.br\/index.php?rest_route=\/wp\/v2\/posts"}],"about":[{"href":"https:\/\/villanews.com.br\/index.php?rest_route=\/wp\/v2\/types\/post"}],"author":[{"embeddable":true,"href":"https:\/\/villanews.com.br\/index.php?rest_route=\/wp\/v2\/users\/4"}],"replies":[{"embeddable":true,"href":"https:\/\/villanews.com.br\/index.php?rest_route=%2Fwp%2Fv2%2Fcomments&post=327346"}],"version-history":[{"count":0,"href":"https:\/\/villanews.com.br\/index.php?rest_route=\/wp\/v2\/posts\/327346\/revisions"}],"wp:featuredmedia":[{"embeddable":true,"href":"https:\/\/villanews.com.br\/index.php?rest_route=\/wp\/v2\/media\/55717"}],"wp:attachment":[{"href":"https:\/\/villanews.com.br\/index.php?rest_route=%2Fwp%2Fv2%2Fmedia&parent=327346"}],"wp:term":[{"taxonomy":"category","embeddable":true,"href":"https:\/\/villanews.com.br\/index.php?rest_route=%2Fwp%2Fv2%2Fcategories&post=327346"},{"taxonomy":"post_tag","embeddable":true,"href":"https:\/\/villanews.com.br\/index.php?rest_route=%2Fwp%2Fv2%2Ftags&post=327346"}],"curies":[{"name":"wp","href":"https:\/\/api.w.org\/{rel}","templated":true}]}}