{"id":327340,"date":"2026-04-01T07:45:11","date_gmt":"2026-04-01T11:45:11","guid":{"rendered":"https:\/\/villanews.com.br\/?p=327340"},"modified":"2026-04-01T07:45:11","modified_gmt":"2026-04-01T11:45:11","slug":"confira-o-calendario-completo-de-abril-de-2026-com-feriados-e-pontos-facultativos","status":"publish","type":"post","link":"https:\/\/villanews.com.br\/?p=327340","title":{"rendered":"Confira o calend\u00e1rio completo de Abril de 2026, com feriados e pontos facultativos"},"content":{"rendered":"<div class=\"postBody_post-body-container__1KhtH\">\n<p>O m\u00eas de abril de 2026 oferece aos brasileiros oportunidades de descanso e planejamento devido a <strong>dois feriados nacionais e datas regionais espec\u00edficas<\/strong>. O primeiro destaque \u00e9 a <a href=\"https:\/\/www.gazetadopovo.com.br\/economia\/sexta-feira-santa-e-feriado-ou-ponto-facultativo\/\">Paix\u00e3o de Cristo, na sexta-feira, 3 de abril<\/a>, seguida pelo feriado de Tiradentes, na ter\u00e7a-feira, 21 de abril.<\/p>\n<p>Al\u00e9m das datas oficiais, o m\u00eas concentra celebra\u00e7\u00f5es religiosas como a P\u00e1scoa, no dia 5, e alguns feriados estaduais no Rio de Janeiro e no Esp\u00edrito Santo.<\/p>\n<p>VEJA TAMB\u00c9M:<\/p>\n<h2>Calend\u00e1rio completo de Abril 2026<\/h2>\n<p>O m\u00eas de abril de 2026 conta com 20 dias \u00fateis e diversas datas que impactam a rotina de trabalho e servi\u00e7os. Abaixo est\u00e3o os principais eventos do per\u00edodo:<\/p>\n<h3>1 de abril (quarta-feira)<\/h3>\n<ul>\n<li>Dia da Mentira;<\/li>\n<li>Dia da Aboli\u00e7\u00e3o da Escravid\u00e3o Ind\u00edgena.<\/li>\n<\/ul>\n<h3>2 de abril (quinta-feira)<\/h3>\n<ul>\n<li>Quinta-feira Santa;<\/li>\n<li>Dia Mundial da Conscientiza\u00e7\u00e3o do Autismo.<\/li>\n<\/ul>\n<h3>3 de abril (sexta-feira)<\/h3>\n<ul>\n<li>Paix\u00e3o de Cristo \u2013 feriado nacional.<\/li>\n<\/ul>\n<h3>4 de abril (s\u00e1bado)<\/h3>\n<ul>\n<li>S\u00e1bado de Aleluia.<\/li>\n<\/ul>\n<h3>5 de abril (domingo)<\/h3>\n<ul>\n<li><span><a href=\"https:\/\/www.gazetadopovo.com.br\/economia\/o-que-se-celebra-na-pascoa-e-como-a-data-foi-escolhida\/\">P\u00e1scoa<\/a> \u2013 embora seja uma data religiosa importante, a legisla\u00e7\u00e3o n\u00e3o a classifica como feriado nacional.<\/span><\/li>\n<\/ul>\n<h3>7 de abril (ter\u00e7a-feira)<\/h3>\n<ul>\n<li>Dia Mundial da Sa\u00fade;<\/li>\n<li>Dia do Jornalista.<\/li>\n<\/ul>\n<h3>13 de abril (segunda-feira)<\/h3>\n<ul>\n<li>Dia do Hino Nacional Brasileiro;<\/li>\n<li>Anivers\u00e1rio de Fortaleza \u2013 feriado municipal;<\/li>\n<li>Dia de Nossa Senhora da Penha \u2013 feriado estadual no Esp\u00edrito Santo.<\/li>\n<\/ul>\n<h3>19 de abril (domingo)<\/h3>\n<ul>\n<li>Dia dos Povos Ind\u00edgenas;<\/li>\n<li>Dia do Ex\u00e9rcito Brasileiro.<\/li>\n<\/ul>\n<h3>20 de abril (segunda-feira)<\/h3>\n<ul>\n<li>Ponto facultativo \u2013 para servidores p\u00fablicos federais, antecedendo o feriado de Tiradentes.<\/li>\n<\/ul>\n<h3>21 de abril (ter\u00e7a-feira)<\/h3>\n<h3>22 de abril (quarta-feira)<\/h3>\n<ul>\n<li>Descobrimento do Brasil.<\/li>\n<\/ul>\n<h3>23 de abril (quinta-feira)<\/h3>\n<ul>\n<li><span><a href=\"https:\/\/www.gazetadopovo.com.br\/brasil\/dia-de-sao-jorge-onde-e-feriado-em-23-de-abril\/\">Dia de S\u00e3o Jorge<\/a> \u2013 feriado em todo o estado do Rio de Janeiro.<\/span><\/li>\n<\/ul>\n<\/div>\n<p>\u00a0<\/p>","protected":false},"excerpt":{"rendered":"<p>O m\u00eas de abril de 2026 oferece aos brasileiros oportunidades de descanso e planejamento devido a dois feriados nacionais e&hellip;<\/p>\n","protected":false},"author":4,"featured_media":327117,"comment_status":"open","ping_status":"open","sticky":false,"template":"","format":"standard","meta":{"footnotes":""},"categories":[190],"tags":[],"class_list":["post-327340","post","type-post","status-publish","format-standard","has-post-thumbnail","hentry","category-economia"],"_links":{"self":[{"href":"https:\/\/villanews.com.br\/index.php?rest_route=\/wp\/v2\/posts\/327340","targetHints":{"allow":["GET"]}}],"collection":[{"href":"https:\/\/villanews.com.br\/index.php?rest_route=\/wp\/v2\/posts"}],"about":[{"href":"https:\/\/villanews.com.br\/index.php?rest_route=\/wp\/v2\/types\/post"}],"author":[{"embeddable":true,"href":"https:\/\/villanews.com.br\/index.php?rest_route=\/wp\/v2\/users\/4"}],"replies":[{"embeddable":true,"href":"https:\/\/villanews.com.br\/index.php?rest_route=%2Fwp%2Fv2%2Fcomments&post=327340"}],"version-history":[{"count":0,"href":"https:\/\/villanews.com.br\/index.php?rest_route=\/wp\/v2\/posts\/327340\/revisions"}],"wp:featuredmedia":[{"embeddable":true,"href":"https:\/\/villanews.com.br\/index.php?rest_route=\/wp\/v2\/media\/327117"}],"wp:attachment":[{"href":"https:\/\/villanews.com.br\/index.php?rest_route=%2Fwp%2Fv2%2Fmedia&parent=327340"}],"wp:term":[{"taxonomy":"category","embeddable":true,"href":"https:\/\/villanews.com.br\/index.php?rest_route=%2Fwp%2Fv2%2Fcategories&post=327340"},{"taxonomy":"post_tag","embeddable":true,"href":"https:\/\/villanews.com.br\/index.php?rest_route=%2Fwp%2Fv2%2Ftags&post=327340"}],"curies":[{"name":"wp","href":"https:\/\/api.w.org\/{rel}","templated":true}]}}