{"id":327333,"date":"2026-04-01T07:37:41","date_gmt":"2026-04-01T11:37:41","guid":{"rendered":"https:\/\/villanews.com.br\/?p=327333"},"modified":"2026-04-01T07:37:41","modified_gmt":"2026-04-01T11:37:41","slug":"pivetta-recebe-faixa-de-governador-e-reforca-compromisso-de-seguir-com-investimentos-em-todas-as-areas","status":"publish","type":"post","link":"https:\/\/villanews.com.br\/?p=327333","title":{"rendered":"Pivetta recebe faixa de governador e refor\u00e7a compromisso de seguir com investimentos em todas as \u00e1reas"},"content":{"rendered":"<div><img decoding=\"async\" src=\"https:\/\/jornaldematogrosso.com.br\/imagens\/658x420\/posts\/2026\/04\/138673_otaviano-pivetta-4-jpg.jpg\" \/>\n<div>\n<p>O governador Otaviano Pivetta afirmou, nesta ter\u00e7a-feira (31.3), durante a cerim\u00f4nia de passagem de faixa, em Cuiab\u00e1, que vai se dedicar para que Mato Grosso continue avan\u00e7ando e ampliando oportunidades para a popula\u00e7\u00e3o.<\/p>\n<p>Ao assumir o comando do Estado, o governador destacou que far\u00e1 uma gest\u00e3o pautada pela \u00e9tica, transpar\u00eancia, efici\u00eancia e respeito ao dinheiro p\u00fablico, com foco na inclus\u00e3o social e no combate \u00e0 pobreza por meio da gera\u00e7\u00e3o de oportunidades.<\/p>\n<p>\u0093Eu quero assumir um compromisso aqui com voc\u00eas, vou usar meu conhecimento para governar esse Estado para todos os mato-grossenses. E junto com secret\u00e1rios e servidores, trabalhando pelo Estado, tenho certeza que vamos continuar nesse ritmo de crescimento\u0094, afirmou.<\/p>\n<p>Ele ressaltou que, apesar dos avan\u00e7os, ainda h\u00e1 desafios a serem enfrentados. \u0093Mato Grosso cresceu 56% nos \u00faltimos sete anos, mas sabemos que ainda h\u00e1 muito caminho pela frente. Vamos trabalhar pelos mato-grossenses, para seguirmos no rumo do desenvolvimento&#8221;, pontuou.<\/p>\n<p>O ex-governador Mauro Mendes afirmou que a gest\u00e3o continuar\u00e1 comprometida com os princ\u00edpios que garantiram o crescimento do Estado. \u0093Tenho certeza de que Mato Grosso vai continuar crescendo e prosperando. A popula\u00e7\u00e3o sabe que pode contar com um governo s\u00e9rio, leal aos princ\u00edpios da administra\u00e7\u00e3o p\u00fablica e comprometido em trazer resultados para a maioria das pessoas\u0094, declarou.  <\/p>\n<p>O ex-governador Blairo Maggi destacou a trajet\u00f3ria de Otaviano e a continuidade do trabalho desenvolvido no Estado. \u0093Voc\u00ea vai dar continuidade a esse governo que o Mauro desenvolveu nesses \u00faltimos sete anos. Voc\u00ea \u00e9 uma pessoa de vontade e determina\u00e7\u00e3o, como j\u00e1 demonstrou em Lucas do Rio Verde e como vice-governador. V\u00e1 em frente!\u0094, afirmou.<\/p>\n<p>J\u00e1 o presidente da Assembleia Legislativa, Max Russi, destacou a confian\u00e7a no novo governador e no futuro do Estado. \u0093Acredito muito no Otaviano e em Mato Grosso. N\u00e3o tenho d\u00favida de que o Estado vai continuar crescendo, gerando desenvolvimento e qualidade de vida. Conte com a Assembleia Legislativa para construir esse futuro\u0094, afirmou.<\/p>\n<p>Otaviano Pivetta encerrou refor\u00e7ando o compromisso com o trabalho e a continuidade dos investimentos. \u0093Tem regi\u00f5es onde as estradas ainda n\u00e3o chegaram, munic\u00edpios que ainda precisam de escolas melhores e pessoas que ainda enfrentam dificuldades na sa\u00fade. Vamos continuar avan\u00e7ando para levar esses servi\u00e7os a todos. Amanh\u00e3 j\u00e1 \u00e9 dia de trabalhar\u0094, concluiu.<\/p>\n<p>Acompanharam a cerim\u00f4nia suplentes do Senado, deputados federais e estaduais, chefes de todos os Poderes, representantes do setor produtivo, prefeitos, secret\u00e1rios de Estado e demais autoridades.  <\/p>\n<p><\/p>\n<\/div>\n<\/div>","protected":false},"excerpt":{"rendered":"<p>O governador Otaviano Pivetta afirmou, nesta ter\u00e7a-feira (31.3), durante a cerim\u00f4nia de passagem de faixa, em Cuiab\u00e1, que vai se&hellip;<\/p>\n","protected":false},"author":4,"featured_media":327334,"comment_status":"open","ping_status":"open","sticky":false,"template":"","format":"standard","meta":{"footnotes":""},"categories":[204],"tags":[],"class_list":["post-327333","post","type-post","status-publish","format-standard","has-post-thumbnail","hentry","category-ultimas-noticias"],"_links":{"self":[{"href":"https:\/\/villanews.com.br\/index.php?rest_route=\/wp\/v2\/posts\/327333","targetHints":{"allow":["GET"]}}],"collection":[{"href":"https:\/\/villanews.com.br\/index.php?rest_route=\/wp\/v2\/posts"}],"about":[{"href":"https:\/\/villanews.com.br\/index.php?rest_route=\/wp\/v2\/types\/post"}],"author":[{"embeddable":true,"href":"https:\/\/villanews.com.br\/index.php?rest_route=\/wp\/v2\/users\/4"}],"replies":[{"embeddable":true,"href":"https:\/\/villanews.com.br\/index.php?rest_route=%2Fwp%2Fv2%2Fcomments&post=327333"}],"version-history":[{"count":0,"href":"https:\/\/villanews.com.br\/index.php?rest_route=\/wp\/v2\/posts\/327333\/revisions"}],"wp:featuredmedia":[{"embeddable":true,"href":"https:\/\/villanews.com.br\/index.php?rest_route=\/wp\/v2\/media\/327334"}],"wp:attachment":[{"href":"https:\/\/villanews.com.br\/index.php?rest_route=%2Fwp%2Fv2%2Fmedia&parent=327333"}],"wp:term":[{"taxonomy":"category","embeddable":true,"href":"https:\/\/villanews.com.br\/index.php?rest_route=%2Fwp%2Fv2%2Fcategories&post=327333"},{"taxonomy":"post_tag","embeddable":true,"href":"https:\/\/villanews.com.br\/index.php?rest_route=%2Fwp%2Fv2%2Ftags&post=327333"}],"curies":[{"name":"wp","href":"https:\/\/api.w.org\/{rel}","templated":true}]}}