{"id":327331,"date":"2026-04-01T07:42:53","date_gmt":"2026-04-01T11:42:53","guid":{"rendered":"https:\/\/villanews.com.br\/?p=327331"},"modified":"2026-04-01T07:42:53","modified_gmt":"2026-04-01T11:42:53","slug":"erai-maggi-nao-ve-problema-e-defende-favaro-e-mauro-para-senado","status":"publish","type":"post","link":"https:\/\/villanews.com.br\/?p=327331","title":{"rendered":"Era\u00ed Maggi n\u00e3o v\u00ea problema e defende F\u00e1varo e Mauro para Senado"},"content":{"rendered":"<div><img decoding=\"async\" src=\"https:\/\/jornaldematogrosso.com.br\/imagens\/658x420\/posts\/2026\/04\/138674_erai-maggi-webp.webp\" \/>\n<div>\n<p>O empres\u00e1rio Era\u00ed Maggi defendeu, nesta ter\u00e7a-feira (31), os nomes do governador Mauro Mendes (UB) e do ministro da Agropecu\u00e1ria, Carlos F\u00e1varo (PSD), para as duas vagas de Mato Grosso no Senado. Conhecido como &#8220;Rei da Soja&#8221;, ele n\u00e3o v\u00ea contradi\u00e7\u00e3o na defesa de dois nomes de espectros pol\u00edticos diferentes.<\/p>\n<p>Era\u00ed elogiou a atua\u00e7\u00e3o de Mendes no Governo do Estado e de F\u00e1varo no governo Lula em prol do agroneg\u00f3cio mato-grossense. <\/p>\n<p>&#8220;Ele [F\u00e1varo] n\u00e3o vai andar de m\u00e3o dada [com Mauro]. Cada um tem sua personalidade de trabalhar. O estado de Mato Grosso precisa muito, \u00e9 o estado que mais tem agro no pa\u00eds e sabe que ele [F\u00e1varo] \u00e9 um bom ministro para tocar isso&#8221;, argumentou Era\u00ed. <\/p>\n<p>O coment\u00e1rio do empres\u00e1rio foi feito \u00e0 jornalistas na data que oficializou Otaviano Pivetta (Republicanos) como governador de Mato Grosso.<\/p>\n<p>Sobre o trabalho de F\u00e1varo nos \u00faltimos 4 anos, Era\u00ed, que \u00e9 primo do ex-governador Blairo Maggi, destacou o esfor\u00e7o do ministro na pasta. <\/p>\n<p>&#8220;Ele [F\u00e1varo] vai mostrar o trabalho que ele fez. Ele trabalhou, incans\u00e1vel. Eu n\u00e3o sei de onde ele tira essa energia toda, para chegar e voltar [de outros pa\u00edses] e estar trabalhando vendendo os produtos&#8221;, afirmou o cofundador do Grupo Bom Futuro. <\/p>\n<p>[O mercado] \u00e9 muito competitivo, a \u00c1sia, a Europa. N\u00f3s temos que levar comida de primeira categoria l\u00e1 fora e o F\u00e1varo trouxe muito esse regramento, e isso deu certo, foi um excelente ministro&#8221;, ele completou.  <\/p>\n<p><\/p>\n<\/div>\n<\/div>","protected":false},"excerpt":{"rendered":"<p>O empres\u00e1rio Era\u00ed Maggi defendeu, nesta ter\u00e7a-feira (31), os nomes do governador Mauro Mendes (UB) e do ministro da Agropecu\u00e1ria,&hellip;<\/p>\n","protected":false},"author":4,"featured_media":327332,"comment_status":"open","ping_status":"open","sticky":false,"template":"","format":"standard","meta":{"footnotes":""},"categories":[204],"tags":[],"class_list":["post-327331","post","type-post","status-publish","format-standard","has-post-thumbnail","hentry","category-ultimas-noticias"],"_links":{"self":[{"href":"https:\/\/villanews.com.br\/index.php?rest_route=\/wp\/v2\/posts\/327331","targetHints":{"allow":["GET"]}}],"collection":[{"href":"https:\/\/villanews.com.br\/index.php?rest_route=\/wp\/v2\/posts"}],"about":[{"href":"https:\/\/villanews.com.br\/index.php?rest_route=\/wp\/v2\/types\/post"}],"author":[{"embeddable":true,"href":"https:\/\/villanews.com.br\/index.php?rest_route=\/wp\/v2\/users\/4"}],"replies":[{"embeddable":true,"href":"https:\/\/villanews.com.br\/index.php?rest_route=%2Fwp%2Fv2%2Fcomments&post=327331"}],"version-history":[{"count":0,"href":"https:\/\/villanews.com.br\/index.php?rest_route=\/wp\/v2\/posts\/327331\/revisions"}],"wp:featuredmedia":[{"embeddable":true,"href":"https:\/\/villanews.com.br\/index.php?rest_route=\/wp\/v2\/media\/327332"}],"wp:attachment":[{"href":"https:\/\/villanews.com.br\/index.php?rest_route=%2Fwp%2Fv2%2Fmedia&parent=327331"}],"wp:term":[{"taxonomy":"category","embeddable":true,"href":"https:\/\/villanews.com.br\/index.php?rest_route=%2Fwp%2Fv2%2Fcategories&post=327331"},{"taxonomy":"post_tag","embeddable":true,"href":"https:\/\/villanews.com.br\/index.php?rest_route=%2Fwp%2Fv2%2Ftags&post=327331"}],"curies":[{"name":"wp","href":"https:\/\/api.w.org\/{rel}","templated":true}]}}