{"id":327325,"date":"2026-04-01T09:51:00","date_gmt":"2026-04-01T13:51:00","guid":{"rendered":"https:\/\/villanews.com.br\/?p=327325"},"modified":"2026-04-01T09:51:00","modified_gmt":"2026-04-01T13:51:00","slug":"lei-amplia-licenca-paternidade-para-20-dias-e-cria-salario-paternidade","status":"publish","type":"post","link":"https:\/\/villanews.com.br\/?p=327325","title":{"rendered":"Lei amplia licen\u00e7a-paternidade para 20 dias e cria sal\u00e1rio-paternidade"},"content":{"rendered":"<article class=\"g-artigo artigo--noticia\">\n<span>Direitos Humanos<\/span>\n<h1>Lei amplia licen\u00e7a-paternidade para 20 dias e cria sal\u00e1rio-paternidade<\/h1>\n<p>Aumento ser\u00e1 gradual, chegando aos 20 dias a partir de 2029<\/p>\n<div>\n<p>\n\t\t\t\t\t\t\t\t\t\t\t01\/04\/2026 &#8211; 10:51 \u00a0\n\t\t\t\t\t\t\t\t\t\t<\/p>\n<p><em>Ricardo Stuckert \/ PR<\/em><br \/>\n<img decoding=\"async\" src=\"https:\/\/www.camara.leg.br\/midias\/image\/2026\/04\/55180934733-2e522306ef-o-768x432.jpg\" \/><\/p>\n<div>Cerim\u00f4nia de san\u00e7\u00e3o da lei que amplia a licen\u00e7a-paternidade, no Pal\u00e1cio do Planalto<\/div>\n<p>O presidente da Rep\u00fablica, Luiz In\u00e1cio Lula da Silva, sancionou a <a href=\"https:\/\/www2.camara.gov.br\/legin\/fed\/lei\/2026\/lei-15371-31-marco-2026-798908-norma-pl.html\">Lei 15.371\/26<\/a>, que amplia de 5 para 20 dias a licen\u00e7a-paternidade. O objetivo \u00e9 fortalecer a presen\u00e7a dos pais nos primeiros dias de vida dos filhos e promover a corresponsabilidade no cuidado com a crian\u00e7a.<\/p>\n<p>A legisla\u00e7\u00e3o tamb\u00e9m cria o sal\u00e1rio-paternidade \u2014 benef\u00edcio que garante renda durante o afastamento e amplia a prote\u00e7\u00e3o social para al\u00e9m dos trabalhadores com carteira assinada.<\/p>\n<p>O texto foi publicado no Di\u00e1rio Oficial da Uni\u00e3o desta quarta-feira (1\u00ba).<\/p>\n<p>A norma tem origem no <a href=\"https:\/\/www.camara.leg.br\/noticias\/122150-licenca-paternidade-pode-ser-ampliada-para-15-dias\">Projeto de Lei 3935\/08<\/a>, de autoria do Senado, aprovado pelos deputados e pelos senadores.<\/p>\n<p><strong>Avan\u00e7o para as fam\u00edlias<\/strong><\/p>\n<p>\n\t\t\t\tNa C\u00e2mara, o texto foi relatado pelo deputado Pedro Campos (PSB-PE).\u00a0\u201cPor muito tempo, o cuidado com os filhos foi tratado como responsabilidade quase exclusiva das mulheres. Agora, o Brasil reconhece que o cuidado deve ser compartilhado. \u00c9 um avan\u00e7o para as fam\u00edlias e para o pa\u00eds\u201d, afirmou o relator.<\/p>\n<p>A lei regulamenta um direito previsto na Constitui\u00e7\u00e3o de 1988 e amplia sua abrang\u00eancia.<\/p>\n<p>Microempreendedores individuais (MEIs), trabalhadores dom\u00e9sticos, avulsos e segurados especiais tamb\u00e9m passam a ter acesso \u00e0 licen\u00e7a e ao novo benef\u00edcio previdenci\u00e1rio.<\/p>\n<p><strong>Amplia\u00e7\u00e3o gradual<br \/>\n<\/strong>A amplia\u00e7\u00e3o da licen\u00e7a-paternidade ser\u00e1 implementada de forma gradual, com aumento progressivo do per\u00edodo de afastamento:<\/p>\n<ul>\n<li>10 dias a partir de 2027;<\/li>\n<li>15 dias a partir de 2028; e<\/li>\n<li>20 dias a partir de 2029.<\/li>\n<\/ul>\n<p>O afastamento ser\u00e1 garantido em casos de nascimento, ado\u00e7\u00e3o ou guarda para fins de ado\u00e7\u00e3o, sem preju\u00edzo do emprego e do sal\u00e1rio.<\/p>\n<p><strong>Equipara\u00e7\u00e3o<br \/>\n<\/strong>A lei equipara a licen\u00e7a-paternidade \u00e0 licen\u00e7a-maternidade como direito social e assegura estabilidade no emprego entre o in\u00edcio da licen\u00e7a at\u00e9 um m\u00eas ap\u00f3s o t\u00e9rmino do benef\u00edcio.<\/p>\n<p>Tamb\u00e9m prev\u00ea prorroga\u00e7\u00e3o em caso de interna\u00e7\u00e3o da m\u00e3e ou do beb\u00ea e amplia\u00e7\u00e3o do afastamento quando o pai assume integralmente os cuidados.<\/p>\n<p>A legisla\u00e7\u00e3o garante ainda o direito a pais adotantes e respons\u00e1veis legais \u2014 em ado\u00e7\u00e3o unilateral ou conjunta, aus\u00eancia materna no registro ou falecimento de um dos genitores \u2014 e amplia em um ter\u00e7o o per\u00edodo da licen\u00e7a em casos de crian\u00e7as com defici\u00eancia.<\/p>\n<p><strong>Sal\u00e1rio-paternidade<br \/>\n<\/strong>No campo da prote\u00e7\u00e3o social, a lei cria o sal\u00e1rio-paternidade no Regime Geral de Previd\u00eancia Social (RGPS), assegurando renda durante o per\u00edodo de afastamento tamb\u00e9m para trabalhadores fora do regime formal.<\/p>\n<p>O benef\u00edcio poder\u00e1 ser pago diretamente pelo INSS ou pela empresa, com compensa\u00e7\u00e3o, em moldes semelhantes ao sal\u00e1rio-maternidade.<\/p>\n<p>O valor varia conforme o perfil do trabalhador:<\/p>\n<ul>\n<li>integral para empregados;<\/li>\n<li>baseado na contribui\u00e7\u00e3o para aut\u00f4nomos e MEIs; e<\/li>\n<li>equivalente ao sal\u00e1rio m\u00ednimo para segurados especiais.<\/li>\n<\/ul>\n<p>Da Reportagem\/NN<\/p>\n<p>Com informa\u00e7\u00f5es da Presid\u00eancia da Rep\u00fablica<\/p>\n<\/div>\n<\/article>","protected":false},"excerpt":{"rendered":"<p>Direitos Humanos Lei amplia licen\u00e7a-paternidade para 20 dias e cria sal\u00e1rio-paternidade Aumento ser\u00e1 gradual, chegando aos 20 dias a partir&hellip;<\/p>\n","protected":false},"author":4,"featured_media":327326,"comment_status":"open","ping_status":"open","sticky":false,"template":"","format":"standard","meta":{"footnotes":""},"categories":[240],"tags":[],"class_list":["post-327325","post","type-post","status-publish","format-standard","has-post-thumbnail","hentry","category-camara-dos-deputados"],"_links":{"self":[{"href":"https:\/\/villanews.com.br\/index.php?rest_route=\/wp\/v2\/posts\/327325","targetHints":{"allow":["GET"]}}],"collection":[{"href":"https:\/\/villanews.com.br\/index.php?rest_route=\/wp\/v2\/posts"}],"about":[{"href":"https:\/\/villanews.com.br\/index.php?rest_route=\/wp\/v2\/types\/post"}],"author":[{"embeddable":true,"href":"https:\/\/villanews.com.br\/index.php?rest_route=\/wp\/v2\/users\/4"}],"replies":[{"embeddable":true,"href":"https:\/\/villanews.com.br\/index.php?rest_route=%2Fwp%2Fv2%2Fcomments&post=327325"}],"version-history":[{"count":0,"href":"https:\/\/villanews.com.br\/index.php?rest_route=\/wp\/v2\/posts\/327325\/revisions"}],"wp:featuredmedia":[{"embeddable":true,"href":"https:\/\/villanews.com.br\/index.php?rest_route=\/wp\/v2\/media\/327326"}],"wp:attachment":[{"href":"https:\/\/villanews.com.br\/index.php?rest_route=%2Fwp%2Fv2%2Fmedia&parent=327325"}],"wp:term":[{"taxonomy":"category","embeddable":true,"href":"https:\/\/villanews.com.br\/index.php?rest_route=%2Fwp%2Fv2%2Fcategories&post=327325"},{"taxonomy":"post_tag","embeddable":true,"href":"https:\/\/villanews.com.br\/index.php?rest_route=%2Fwp%2Fv2%2Ftags&post=327325"}],"curies":[{"name":"wp","href":"https:\/\/api.w.org\/{rel}","templated":true}]}}