{"id":327322,"date":"2026-04-01T09:43:11","date_gmt":"2026-04-01T13:43:11","guid":{"rendered":"https:\/\/villanews.com.br\/?p=327322"},"modified":"2026-04-01T09:43:11","modified_gmt":"2026-04-01T13:43:11","slug":"como-curitiba-pretende-atrair-novos-moradores-e-comercios-para-o-centro","status":"publish","type":"post","link":"https:\/\/villanews.com.br\/?p=327322","title":{"rendered":"Como Curitiba pretende atrair novos moradores e com\u00e9rcios para o Centro?"},"content":{"rendered":"<div class=\"postBody_post-body-container__1KhtH\">\n<p>A Prefeitura de Curitiba lan\u00e7ou o programa Curitiba de Volta ao Centro, assinado pelo prefeito Eduardo Pimentel neste 31 de mar\u00e7o. A iniciativa libera R$ 163 milh\u00f5es em incentivos fiscais e recursos diretos para modernizar pr\u00e9dios antigos e movimentar a economia da regi\u00e3o central.<\/p>\n<h2>O que \u00e9 o programa Curitiba de Volta ao Centro?<\/h2>\n<p>\u00c9 um pacote de medidas que soma R$ 163 milh\u00f5es para revitalizar o cora\u00e7\u00e3o da cidade. O objetivo \u00e9 transformar o Centro em um lugar mais atrativo para morar, trabalhar e investir. Para isso, a prefeitura criou regras mais simples, isen\u00e7\u00f5es de impostos e at\u00e9 ajuda financeira direta para reformar as fachadas das lojas e pr\u00e9dios hist\u00f3ricos.<\/p>\n<h2>Quais s\u00e3o os principais benef\u00edcios financeiros para quem investir na regi\u00e3o?<\/h2>\n<p>Os investidores podem contar com isen\u00e7\u00f5es de at\u00e9 100% em impostos municipais importantes, como o IPTU (do im\u00f3vel), o ISS (servi\u00e7os) e o ITBI (compra e venda). Al\u00e9m do al\u00edvio nos tributos, abriu-se uma consulta p\u00fablica para um edital que vai dar at\u00e9 R$ 10 milh\u00f5es para pagar parte das obras de revitaliza\u00e7\u00e3o privadas, custeando entre 25% e 50% dos custos de reforma.<\/p>\n<h2>O que significa o termo retrofit mencionado no projeto?<\/h2>\n<p>Retrofit \u00e9 uma t\u00e9cnica de moderniza\u00e7\u00e3o de pr\u00e9dios antigos. Diferente de uma reforma comum, ele adapta a estrutura para tecnologias modernas (como nova rede el\u00e9trica e internet) e novas fun\u00e7\u00f5es, mas preserva a arquitetura e o valor hist\u00f3rico do im\u00f3vel. \u00c9 fundamental para dar vida nova a pr\u00e9dios que hoje est\u00e3o vazios ou degradados no Centro curitibano.<\/p>\n<h2>Quais \u00e1reas e atividades ter\u00e3o prioridade?<\/h2>\n<p>A prefeitura focar\u00e1 em eixos conhecidos, como as ruas XV de Novembro, Bar\u00e3o do Rio Branco e Riachuelo, al\u00e9m do Largo da Ordem e o entorno do Teatro Gua\u00edra. Neg\u00f3cios ligados \u00e0 gastronomia, turismo, tecnologia, educa\u00e7\u00e3o e lazer ser\u00e3o incentivados para garantir que a regi\u00e3o tenha movimento n\u00e3o apenas durante o hor\u00e1rio comercial, mas tamb\u00e9m \u00e0 noite.<\/p>\n<h2>Como o programa pretende melhorar a seguran\u00e7a e a vitalidade local?<\/h2>\n<p>A estrat\u00e9gia aposta na ocupa\u00e7\u00e3o humana. Ao oferecer benef\u00edcios para moradias de uso misto (resid\u00eancia e com\u00e9rcio no mesmo pr\u00e9dio) e habita\u00e7\u00e3o social, a prefeitura espera aumentar o n\u00famero de moradores permanentes. Com mais gente circulando e morando na regi\u00e3o, a tend\u00eancia natural \u00e9 a melhoria nos indicadores de seguran\u00e7a e a cria\u00e7\u00e3o de um ambiente urbano mais din\u00e2mico e vivo.<\/p>\n<p><i>Conte\u00fado produzido a partir de informa\u00e7\u00f5es apuradas pela equipe de rep\u00f3rteres da Gazeta do Povo. Para acessar a informa\u00e7\u00e3o na \u00edntegra e se aprofundar sobre o tema leia a reportagem abaixo.<\/i><\/p>\n<p>VEJA TAMB\u00c9M:<\/p>\n<\/div>","protected":false},"excerpt":{"rendered":"<p>A Prefeitura de Curitiba lan\u00e7ou o programa Curitiba de Volta ao Centro, assinado pelo prefeito Eduardo Pimentel neste 31 de&hellip;<\/p>\n","protected":false},"author":4,"featured_media":327323,"comment_status":"open","ping_status":"open","sticky":false,"template":"","format":"standard","meta":{"footnotes":""},"categories":[204],"tags":[],"class_list":["post-327322","post","type-post","status-publish","format-standard","has-post-thumbnail","hentry","category-ultimas-noticias"],"_links":{"self":[{"href":"https:\/\/villanews.com.br\/index.php?rest_route=\/wp\/v2\/posts\/327322","targetHints":{"allow":["GET"]}}],"collection":[{"href":"https:\/\/villanews.com.br\/index.php?rest_route=\/wp\/v2\/posts"}],"about":[{"href":"https:\/\/villanews.com.br\/index.php?rest_route=\/wp\/v2\/types\/post"}],"author":[{"embeddable":true,"href":"https:\/\/villanews.com.br\/index.php?rest_route=\/wp\/v2\/users\/4"}],"replies":[{"embeddable":true,"href":"https:\/\/villanews.com.br\/index.php?rest_route=%2Fwp%2Fv2%2Fcomments&post=327322"}],"version-history":[{"count":0,"href":"https:\/\/villanews.com.br\/index.php?rest_route=\/wp\/v2\/posts\/327322\/revisions"}],"wp:featuredmedia":[{"embeddable":true,"href":"https:\/\/villanews.com.br\/index.php?rest_route=\/wp\/v2\/media\/327323"}],"wp:attachment":[{"href":"https:\/\/villanews.com.br\/index.php?rest_route=%2Fwp%2Fv2%2Fmedia&parent=327322"}],"wp:term":[{"taxonomy":"category","embeddable":true,"href":"https:\/\/villanews.com.br\/index.php?rest_route=%2Fwp%2Fv2%2Fcategories&post=327322"},{"taxonomy":"post_tag","embeddable":true,"href":"https:\/\/villanews.com.br\/index.php?rest_route=%2Fwp%2Fv2%2Ftags&post=327322"}],"curies":[{"name":"wp","href":"https:\/\/api.w.org\/{rel}","templated":true}]}}