{"id":327307,"date":"2026-04-01T09:39:00","date_gmt":"2026-04-01T13:39:00","guid":{"rendered":"https:\/\/villanews.com.br\/?p=327307"},"modified":"2026-04-01T09:39:00","modified_gmt":"2026-04-01T13:39:00","slug":"comissao-da-camara-avalia-parcerias-para-desenvolver-a-saude-publica","status":"publish","type":"post","link":"https:\/\/villanews.com.br\/?p=327307","title":{"rendered":"Comiss\u00e3o da C\u00e2mara avalia parcerias para desenvolver a sa\u00fade p\u00fablica"},"content":{"rendered":"<article class=\"g-artigo artigo--noticia\">\n<span>Sa\u00fade<\/span>\n<h1>Comiss\u00e3o da C\u00e2mara avalia parcerias para desenvolver a sa\u00fade p\u00fablica<\/h1>\n<p>A reuni\u00e3o ser\u00e1 interativa e os interessados poder\u00e3o enviar perguntas<\/p>\n<div>\n<p>\n\t\t\t\t\t\t\t\t\t\t\t01\/04\/2026 &#8211; 10:39 \u00a0\n\t\t\t\t\t\t\t\t\t\t<\/p>\n<p><em>Depositphotos<\/em><br \/>\n<img decoding=\"async\" src=\"https:\/\/www.camara.leg.br\/midias\/image\/2026\/04\/depositphotos-102577202-xl-768x513.jpg\" \/><\/p>\n<div>Parcerias com laborat\u00f3rios privados favorecem o desenvolvimento do sistema p\u00fablico<\/div>\n<p>A Comiss\u00e3o de Sa\u00fade da C\u00e2mara dos Deputados far\u00e1 um balan\u00e7o sobre a atual situa\u00e7\u00e3o das Parcerias de Desenvolvimento Produtivo (PDPs) em sa\u00fade na pr\u00f3xima ter\u00e7a-feira (7), \u00e0s 10 horas.<\/p>\n<p>A reuni\u00e3o ser\u00e1 realizada no plen\u00e1rio 7 e atende a pedido do deputado Jorge Solla (PT-BA).<\/p>\n<ul>\n<li><a href=\"https:\/\/www.camara.leg.br\/evento-legislativo\/81327\">Veja quem foi convidado e envie suas perguntas<\/a><\/li>\n<\/ul>\n<p>Segundo Solla, as PDPs s\u00e3o uma pr\u00e1tica inovadora que utiliza o poder de compra estatal para estimular o desenvolvimento do Complexo Econ\u00f4mico Industrial da Sa\u00fade. A medida, afirma o deputado, amplia o acesso da popula\u00e7\u00e3o a produtos estrat\u00e9gicos.<\/p>\n<p><strong>Como funciona<\/strong><\/p>\n<p>\n\t\t\t\tO parlamentar explica que, nesses acordos, o Minist\u00e9rio da Sa\u00fade faz parcerias com laborat\u00f3rios privados. E esses laborat\u00f3rios se comprometem a repassar a tecnologia para laborat\u00f3rios p\u00fablicos nacionais.<\/p>\n<p>O objetivo \u00e9 produzir medicamentos em at\u00e9 cinco anos.<\/p>\n<p>Durante esse per\u00edodo, os laborat\u00f3rios privados produzem o princ\u00edpio ativo e o governo garante exclusividade na compra dos produtos.<\/p>\n<p><strong>Benef\u00edcio para a popula\u00e7\u00e3o<\/strong><\/p>\n<p>\n\t\t\t\t\u201cA PDPs, al\u00e9m de gerar grande economia para o Minist\u00e9rio da Sa\u00fade, possibilitar a diminui\u00e7\u00e3o da depend\u00eancia do pa\u00eds com a importa\u00e7\u00e3o desses produtos, tamb\u00e9m trazem benef\u00edcios \u00e0 popula\u00e7\u00e3o com a garantia do fornecimento de medicamentos essenciais ao Sistema \u00danico de Sa\u00fade\u201d, resumiu Solla.<\/p>\n<p>Da Reda\u00e7\u00e3o &#8211; ND<\/p>\n<\/div>\n<\/article>","protected":false},"excerpt":{"rendered":"<p>Sa\u00fade Comiss\u00e3o da C\u00e2mara avalia parcerias para desenvolver a sa\u00fade p\u00fablica A reuni\u00e3o ser\u00e1 interativa e os interessados poder\u00e3o enviar&hellip;<\/p>\n","protected":false},"author":4,"featured_media":327308,"comment_status":"open","ping_status":"open","sticky":false,"template":"","format":"standard","meta":{"footnotes":""},"categories":[240],"tags":[],"class_list":["post-327307","post","type-post","status-publish","format-standard","has-post-thumbnail","hentry","category-camara-dos-deputados"],"_links":{"self":[{"href":"https:\/\/villanews.com.br\/index.php?rest_route=\/wp\/v2\/posts\/327307","targetHints":{"allow":["GET"]}}],"collection":[{"href":"https:\/\/villanews.com.br\/index.php?rest_route=\/wp\/v2\/posts"}],"about":[{"href":"https:\/\/villanews.com.br\/index.php?rest_route=\/wp\/v2\/types\/post"}],"author":[{"embeddable":true,"href":"https:\/\/villanews.com.br\/index.php?rest_route=\/wp\/v2\/users\/4"}],"replies":[{"embeddable":true,"href":"https:\/\/villanews.com.br\/index.php?rest_route=%2Fwp%2Fv2%2Fcomments&post=327307"}],"version-history":[{"count":0,"href":"https:\/\/villanews.com.br\/index.php?rest_route=\/wp\/v2\/posts\/327307\/revisions"}],"wp:featuredmedia":[{"embeddable":true,"href":"https:\/\/villanews.com.br\/index.php?rest_route=\/wp\/v2\/media\/327308"}],"wp:attachment":[{"href":"https:\/\/villanews.com.br\/index.php?rest_route=%2Fwp%2Fv2%2Fmedia&parent=327307"}],"wp:term":[{"taxonomy":"category","embeddable":true,"href":"https:\/\/villanews.com.br\/index.php?rest_route=%2Fwp%2Fv2%2Fcategories&post=327307"},{"taxonomy":"post_tag","embeddable":true,"href":"https:\/\/villanews.com.br\/index.php?rest_route=%2Fwp%2Fv2%2Ftags&post=327307"}],"curies":[{"name":"wp","href":"https:\/\/api.w.org\/{rel}","templated":true}]}}