{"id":327281,"date":"2026-04-01T09:03:47","date_gmt":"2026-04-01T13:03:47","guid":{"rendered":"https:\/\/villanews.com.br\/?p=327281"},"modified":"2026-04-01T09:03:47","modified_gmt":"2026-04-01T13:03:47","slug":"lula-defende-ira-e-diz-que-tem-muito-malandro-querendo-lucrar-com-crise-dos-combustiveis","status":"publish","type":"post","link":"https:\/\/villanews.com.br\/?p=327281","title":{"rendered":"Lula defende Ir\u00e3 e diz que tem \u201cmuito malandro\u201d querendo lucrar com crise dos combust\u00edveis"},"content":{"rendered":"<div class=\"postBody_post-body-container__1KhtH\">\n<p>O presidente <a href=\"https:\/\/www.gazetadopovo.com.br\/tudo-sobre\/lula\/\">Luiz In\u00e1cio Lula da Silva<\/a> (PT) defendeu o<a href=\"https:\/\/www.gazetadopovo.com.br\/mundo\/trump-diz-que-alcancou-o-objetivo-dos-eua-e-que-guerra-contra-o-ira-pode-acabar-em-ate-3-semanas\/\">Ir\u00e3 da guerra com os Estados Unidos e Israel <\/a>e retomou as cr\u00edticas, nesta quarta-feira (1\u00ba), aos empres\u00e1rios brasileiros do setor de combust\u00edveis que, supostamente, querem tirar vantagem das <a href=\"https:\/\/www.gazetadopovo.com.br\/economia\/desoneracao-subsidio-diesel-novo-imposto-exportacao-petroleo\/\">medidas que o governo vem tentando implementar para segurar o aumento do pre\u00e7o <\/a>principalmente do diesel no pa\u00eds, como redu\u00e7\u00e3o de impostos e subven\u00e7\u00e3o a produtores.<\/p>\n<p>Desde o in\u00edcio do conflito, o pre\u00e7o do combust\u00edvel subiu 9%, em m\u00e9dia, nos postos e teve picos de at\u00e9 24% em algumas localidades, al\u00e9m da em algumas cidades do pa\u00eds. O motivo \u00e9 a disparada do pre\u00e7o do petr\u00f3leo no mercado internacional por causa da guerra dos Estados Unidos e Israel contra o Ir\u00e3, que levou ao fechamento parcial de uma das principais vias de escoamento do \u00f3leo extra\u00eddo por pa\u00edses do Oriente M\u00e9dio, respons\u00e1vel por 20% do abastecimento mundial.<\/p>\n<p>\u201cAcontece que como voc\u00ea tem gente mau car\u00e1ter nesse pa\u00eds, tem gente que est\u00e1 mesmo recebendo pra n\u00e3o aumentar [o pre\u00e7o do diesel], est\u00e1 aumentando. [&#8230;] N\u00f3s vamos ter que colocar algu\u00e9m na cadeia. [&#8230;] Tem muito malandro, tem gente t\u00e3o safada nesse pa\u00eds que \u00e9 capaz de querer ganhar dinheiro com o enterro da m\u00e3e\u201d, disparou em entrevista \u00e0<em> TV Cidade<\/em> de Fortaleza, onde cumpre agenda ao longo do dia.<\/p>\n<p>VEJA TAMB\u00c9M:<\/p>\n<p>Lula refor\u00e7ou que determinou \u00e0 Pol\u00edcia Federal e aos Procons estaduais para fiscalizar e investigar donos de postos de combust\u00edveis e das distribuidoras para apurar aumentos abusivos mesmo sob as medidas de conten\u00e7\u00e3o anunciadas pelo governo. Entre elas est\u00e3o a<a href=\"https:\/\/www.gazetadopovo.com.br\/economia\/lula-zera-pis-cofins-diesel-pede-governadores-reduzirem-icms\/\"> isen\u00e7\u00e3o de PIS e Cofins (impostos federais), subven\u00e7\u00e3o aos produtores<\/a> e acordo com<a href=\"https:\/\/www.gazetadopovo.com.br\/economia\/maioria-dos-estados-aderem-a-proposta-do-governo-de-subsidiar-diesel-importado\/\"> quase a totalidade dos governos estaduais<\/a> para reduzir o ICMS de importa\u00e7\u00e3o, em que cada lado paga metade do que deixar\u00e1 de ser arrecadado temporariamente.<\/p>\n<p>\u201cA fiscaliza\u00e7\u00e3o est\u00e1 ativa. A minha ordem \u00e9 ir para a estrada, para o posto de combust\u00edveis e para a distribuidora\u201d, pontuou lembrando que o Brasil importa 30% do diesel que consome, produzindo os 70% restantes para suprir a demanda nacional.<\/p>\n<p>O presidente ainda citou que a antiga estatal de distribui\u00e7\u00e3o BR Distribuidora, que era subsidi\u00e1ria da Petrobras, ainda tinha como controlar o pre\u00e7o cobrado pela venda dos combust\u00edveis mesmo quando as refinarias promoviam reajustes.<\/p>\n<p>No entanto, ap\u00f3s a <a href=\"https:\/\/www.gazetadopovo.com.br\/republica\/petrobras-privatiza-maioria-das-acoes-da-br-distribuidora-e-arrecada-r-86-bilhoes\/\">privatiza\u00e7\u00e3o feita durante o governo do ex-presidente Jair Bolsonaro<\/a> (PL) \u2013 \u201caquele governo que acha que pode vender tudo\u201d, afirmou \u2013, essa interven\u00e7\u00e3o passou a ser proibida \u2013 ao longo dos \u00faltimos tr\u00eas anos de governo, se especulou a possibilidade de reestatizar a empresa.<\/p>\n<p>VEJA TAMB\u00c9M:<\/p>\n<h2>Lula defende Ir\u00e3<\/h2>\n<p>Na mesma entrevista, ainda em rela\u00e7\u00e3o \u00e0 crise dos combust\u00edveis, Lula defendeu o Ir\u00e3 dos ataques dos Estados Unidos e de Israel \u2013 a \u201cguerra do seu Trump e do seu Netanyahu\u201d \u2013, afirmando que n\u00e3o havia qualquer produ\u00e7\u00e3o de armas nucleares no pa\u00eds persa, motivo gerador do conflito segundo os dois l\u00edderes envolvidos.<\/p>\n<p>\u201c\u00c9 mentira, n\u00e3o tem bomba ou arma nuclear. Eu digo que \u00e9 mentira porque <a href=\"https:\/\/www.gazetadopovo.com.br\/mundo\/acordo-nuclear-com-ira-nao-pode-ser-desperdicado-diz-lula-0l782y5fibjvwx13n9d06beby\/\">eu fui em 2010 ao Ir\u00e3 fazer um acordo, e fizemos um acordo<\/a>, e que depois os Estados Unidos e a Uni\u00e3o Europeia n\u00e3o aceitaram. Um acordo para que o Ir\u00e3 pudesse enriquecer ur\u00e2nio nos mesmos m\u00e9todos do Brasil, porque aqui a nossa Constitui\u00e7\u00e3o diz que a gente s\u00f3 pode utilizar [combust\u00edvel nuclear] para fins pac\u00edficos, n\u00e3o podemos produzir armas nucleares\u201d, disse o presidente.<\/p>\n<p>Lula ainda afirmou que Estados Unidos e Israel acharam que acabariam com a guerra <a href=\"https:\/\/www.gazetadopovo.com.br\/mundo\/por-que-a-guerra-entre-eua-e-ira-escalou-com-a-morte-de-ali-khamenei\/\">apenas com a morte do l\u00edder iraniano Ali Khamenei<\/a>, mas que o Ir\u00e3 \u00e9 um pa\u00eds grande e populoso que est\u00e1 reagindo aos ataques.<\/p>\n<p>O petista ainda citou que publicou, na v\u00e9spera, um artigo em jornais estrangeiros da Fran\u00e7a, R\u00fassia, China, Estados Unidos e Inglaterra, criticando estes pa\u00edses por promoverem guerras \u2013 s\u00e3o membros do Conselho de Seguran\u00e7a da Organiza\u00e7\u00e3o das Na\u00e7\u00f5es Unidas (ONU), que Lula tenta reformar para permitir a entrada do Brasil e outras na\u00e7\u00f5es desde o in\u00edcio deste terceiro mandato.<\/p>\n<p>\u201cUm artigo chamando \u00e0 raz\u00e3o. Eles s\u00e3o os cinco membros, e s\u00e3o eles que fazem guerra\u201d, completou.<\/p>\n<\/div>","protected":false},"excerpt":{"rendered":"<p>O presidente Luiz In\u00e1cio Lula da Silva (PT) defendeu oIr\u00e3 da guerra com os Estados Unidos e Israel e retomou&hellip;<\/p>\n","protected":false},"author":4,"featured_media":327263,"comment_status":"open","ping_status":"open","sticky":false,"template":"","format":"standard","meta":{"footnotes":""},"categories":[204],"tags":[],"class_list":["post-327281","post","type-post","status-publish","format-standard","has-post-thumbnail","hentry","category-ultimas-noticias"],"_links":{"self":[{"href":"https:\/\/villanews.com.br\/index.php?rest_route=\/wp\/v2\/posts\/327281","targetHints":{"allow":["GET"]}}],"collection":[{"href":"https:\/\/villanews.com.br\/index.php?rest_route=\/wp\/v2\/posts"}],"about":[{"href":"https:\/\/villanews.com.br\/index.php?rest_route=\/wp\/v2\/types\/post"}],"author":[{"embeddable":true,"href":"https:\/\/villanews.com.br\/index.php?rest_route=\/wp\/v2\/users\/4"}],"replies":[{"embeddable":true,"href":"https:\/\/villanews.com.br\/index.php?rest_route=%2Fwp%2Fv2%2Fcomments&post=327281"}],"version-history":[{"count":0,"href":"https:\/\/villanews.com.br\/index.php?rest_route=\/wp\/v2\/posts\/327281\/revisions"}],"wp:featuredmedia":[{"embeddable":true,"href":"https:\/\/villanews.com.br\/index.php?rest_route=\/wp\/v2\/media\/327263"}],"wp:attachment":[{"href":"https:\/\/villanews.com.br\/index.php?rest_route=%2Fwp%2Fv2%2Fmedia&parent=327281"}],"wp:term":[{"taxonomy":"category","embeddable":true,"href":"https:\/\/villanews.com.br\/index.php?rest_route=%2Fwp%2Fv2%2Fcategories&post=327281"},{"taxonomy":"post_tag","embeddable":true,"href":"https:\/\/villanews.com.br\/index.php?rest_route=%2Fwp%2Fv2%2Ftags&post=327281"}],"curies":[{"name":"wp","href":"https:\/\/api.w.org\/{rel}","templated":true}]}}