{"id":327267,"date":"2026-04-01T08:29:55","date_gmt":"2026-04-01T12:29:55","guid":{"rendered":"https:\/\/villanews.com.br\/?p=327267"},"modified":"2026-04-01T08:29:55","modified_gmt":"2026-04-01T12:29:55","slug":"lula-diz-que-seu-destino-e-ser-tetra-na-eleicao-presidencial-deste-ano","status":"publish","type":"post","link":"https:\/\/villanews.com.br\/?p=327267","title":{"rendered":"Lula diz que seu destino \u00e9 \u201cser tetra\u201d na elei\u00e7\u00e3o presidencial deste ano"},"content":{"rendered":"<div class=\"postBody_post-body-container__1KhtH\">\n<p>O presidente <a href=\"https:\/\/www.gazetadopovo.com.br\/tudo-sobre\/lula\/\">Luiz In\u00e1cio Lula da Silva<\/a> (PT) afirmou, nesta quarta (1\u00ba), que seu destino pol\u00edtico imediato \u00e9 ser eleito novamente para um quarto mandato, o que ele considera in\u00e9dito na hist\u00f3ria da pol\u00edtica brasileira. Ele concorrer\u00e1 \u00e0 reelei\u00e7\u00e3o em outubro <a href=\"https:\/\/www.gazetadopovo.com.br\/eleicoes\/2026\/lula-confirma-alckmin-como-seu-candidato-a-vice-presidente\/\">junto do atual vice-presidente Geraldo Alckmin<\/a> (PSB), contra o senador Fl\u00e1vio Bolsonaro (PL-RJ) pela oposi\u00e7\u00e3o, al\u00e9m do governador Ronaldo Caiado (PSD-GO) se apresentando como uma \u201cterceira via\u201d.<\/p>\n<p>\u201cMeu destino \u00e9 ganhar as elei\u00e7\u00f5es pela quarta vez, o que ser\u00e1 um fato in\u00e9dito na hist\u00f3ria do Brasil algu\u00e9m ser tetra numa elei\u00e7\u00e3o presidencial. Eu trabalho com a ideia fixa de que n\u00f3s ainda n\u00e3o conseguimos arrumar a totalidade dos problemas do povo pobre desse pa\u00eds\u201d, disse Lula em entrevista \u00e0 <em>TV Cidade <\/em>de Fortaleza, onde cumpre agenda ao longo do dia.<\/p>\n<p>Lula ainda citou que somente em governos do PT &#8212; em especial os seus mandatos &#8212; a economia cresce mais de 3% com distribui\u00e7\u00e3o mais ampla da renda, enquanto que outros partidos n\u00e3o alcan\u00e7am esse patamar do PIB (Produto Interno Bruto, a soma de todos os bens e servi\u00e7os produzidos no pa\u00eds) e governam com vista a apenas 35% da popula\u00e7\u00e3o, e n\u00e3o a \u201c100% dela\u201d.<\/p>\n<p>VEJA TAMB\u00c9M:<\/p>\n<h2>Cr\u00edticas \u00e0 &#8220;elite&#8221;<\/h2>\n<p>Ainda durante a entrevista, Lula voltou a criticar o mercado financeiro do pa\u00eds por, supostamente, querer que investimentos do governo sejam feitos apenas para uma parcela da popula\u00e7\u00e3o mais privilegiada, e n\u00e3o com o que considera uma distribui\u00e7\u00e3o para a totalidade.<\/p>\n<p>\u201cA elite brasileira, a Faria Lima l\u00e1 em S\u00e3o Paulo (regi\u00e3o da capital paulista tida como o cora\u00e7\u00e3o do mercado financeiro brasileiro), gostaria que o dinheiro que eu gasto com a\u00e7\u00f5es sociais fosse pra eles, e n\u00e3o para o povo pobre\u201d, disparou Lula.<\/p>\n<p>O presidente petista citou, ainda, indicadores financeiros que atestam o crescimento da massa salarial brasileira, o menor desemprego da hist\u00f3ria brasileira, entre outros, mas sem citar o endividamento recorde da popula\u00e7\u00e3o que chegou a 79% em fevereiro, com 81,7 milh\u00f5es de pessoas inadimplentes. Foi um aumento de 38,1% em 10 anos.<\/p>\n<p>VEJA TAMB\u00c9M:<\/p>\n<h2>&#8220;Estabilidade e previsibilidade&#8221;<\/h2>\n<p>Lula tamb\u00e9m destacou que, durante seu governo, presa pela estabilidade e previsibilidade de decis\u00f5es, de que \u201cningu\u00e9m ser\u00e1 pego \u00e0 0h de surpresa com uma not\u00edcia de um pacote\u201d econ\u00f4mico. \u201cTudo \u00e9 feito \u00e0 luz do dia\u201d, afirmou citando o exemplo da reforma tribut\u00e1ria, que passou a vigorar em transi\u00e7\u00e3o neste ano.<\/p>\n<p>Apesar de citar a previsibilidade de decis\u00f5es sem \u201cpacote econ\u00f4mico\u201d na calada da noite, este terceiro mandato de Lula tem sido <a href=\"https:\/\/www.gazetadopovo.com.br\/republica\/por-que-o-governo-federal-criou-medidas-para-elevar-impostos-a-cada-27-dias\/\">marcado por sucessivos aumentos de impostos ou novas medidas tribut\u00e1rias<\/a>. Apura\u00e7\u00e3o recente desta<strong> Gazeta do Povo<\/strong> apontou que, desde o in\u00edcio desta gest\u00e3o, o governo federal j\u00e1 editou 43 medidas arrecadat\u00f3rias \u2013 uma a cada 27 dias, em m\u00e9dia \u2013 para equilibrar as contas p\u00fablicas mesmo com sucessivos recordes de arrecada\u00e7\u00e3o.<\/p>\n<p>Dessas, 36 foram cria\u00e7\u00f5es ou aumentos diretos de impostos, enquanto as demais envolvem propostas tempor\u00e1rias que perderam validade ou iniciativas de natureza n\u00e3o tribut\u00e1ria, como mudan\u00e7as em julgamentos de recursos fiscais. A mais impopular e que aparece em destaque em pesquisas de opini\u00e3o p\u00fablica sobre o desempenho do governo \u00e9 a chamada \u201ctaxa das blusinhas\u201d, que imp\u00f4s uma taxa\u00e7\u00e3o a compras internacionais abaixo de US$ 50.<\/p>\n<\/div>","protected":false},"excerpt":{"rendered":"<p>O presidente Luiz In\u00e1cio Lula da Silva (PT) afirmou, nesta quarta (1\u00ba), que seu destino pol\u00edtico imediato \u00e9 ser eleito&hellip;<\/p>\n","protected":false},"author":4,"featured_media":327159,"comment_status":"open","ping_status":"open","sticky":false,"template":"","format":"standard","meta":{"footnotes":""},"categories":[204],"tags":[],"class_list":["post-327267","post","type-post","status-publish","format-standard","has-post-thumbnail","hentry","category-ultimas-noticias"],"_links":{"self":[{"href":"https:\/\/villanews.com.br\/index.php?rest_route=\/wp\/v2\/posts\/327267","targetHints":{"allow":["GET"]}}],"collection":[{"href":"https:\/\/villanews.com.br\/index.php?rest_route=\/wp\/v2\/posts"}],"about":[{"href":"https:\/\/villanews.com.br\/index.php?rest_route=\/wp\/v2\/types\/post"}],"author":[{"embeddable":true,"href":"https:\/\/villanews.com.br\/index.php?rest_route=\/wp\/v2\/users\/4"}],"replies":[{"embeddable":true,"href":"https:\/\/villanews.com.br\/index.php?rest_route=%2Fwp%2Fv2%2Fcomments&post=327267"}],"version-history":[{"count":0,"href":"https:\/\/villanews.com.br\/index.php?rest_route=\/wp\/v2\/posts\/327267\/revisions"}],"wp:featuredmedia":[{"embeddable":true,"href":"https:\/\/villanews.com.br\/index.php?rest_route=\/wp\/v2\/media\/327159"}],"wp:attachment":[{"href":"https:\/\/villanews.com.br\/index.php?rest_route=%2Fwp%2Fv2%2Fmedia&parent=327267"}],"wp:term":[{"taxonomy":"category","embeddable":true,"href":"https:\/\/villanews.com.br\/index.php?rest_route=%2Fwp%2Fv2%2Fcategories&post=327267"},{"taxonomy":"post_tag","embeddable":true,"href":"https:\/\/villanews.com.br\/index.php?rest_route=%2Fwp%2Fv2%2Ftags&post=327267"}],"curies":[{"name":"wp","href":"https:\/\/api.w.org\/{rel}","templated":true}]}}