{"id":327241,"date":"2026-04-01T07:21:45","date_gmt":"2026-04-01T11:21:45","guid":{"rendered":"https:\/\/villanews.com.br\/?p=327241"},"modified":"2026-04-01T07:21:45","modified_gmt":"2026-04-01T11:21:45","slug":"senado-aprova-reajuste-salarial-de-ate-284-para-policia-e-bombeiros-do-df","status":"publish","type":"post","link":"https:\/\/villanews.com.br\/?p=327241","title":{"rendered":"Senado aprova reajuste salarial de at\u00e9 28,4% para pol\u00edcia e bombeiros do DF"},"content":{"rendered":"<div class=\"postBody_post-body-container__1KhtH\">\n<p>O Senado aprovou nesta ter\u00e7a-feira (31) uma medida provis\u00f3ria que mant\u00e9m o reajuste salarial de at\u00e9 28,4% para policiais civis, militares e bombeiros do Distrito Federal, que j\u00e1 est\u00e1 sendo pagos desde o fim de 2025 e in\u00edcio de 2026. A proposta, que teve apenas um voto contr\u00e1rio, agora segue para san\u00e7\u00e3o do presidente <a href=\"https:\/\/www.gazetadopovo.com.br\/tudo-sobre\/lula\/\">Luiz In\u00e1cio Lula da Silva<\/a> (PT).<\/p>\n<p>Segundo a medida provis\u00f3ria, os percentuais variam conforme cargo, classe e patente, chegando a at\u00e9 28,4% para policiais militares e bombeiros do Distrito Federal. J\u00e1 na Pol\u00edcia Civil, o aumento foi de 27,27% para a \u201ccategoria especial\u201d e de 24,43% para a \u201cterceira categoria\u201d.<\/p>\n<p>Na pr\u00e1tica, os reajustes j\u00e1 est\u00e3o em vigor desde 1\u00ba de dezembro de 2025, quando a medida foi publicada no Di\u00e1rio Oficial da Uni\u00e3o (DOU). A primeira parcela foi paga ainda em dezembro e a segunda entrou em janeiro de 2026.<\/p>\n<p>VEJA TAMB\u00c9M:<\/p>\n<p>A vota\u00e7\u00e3o ocorreu de forma simb\u00f3lica e oposi\u00e7\u00e3o apenas do senador Eduardo Gir\u00e3o (Novo-CE), enquanto a maioria dos parlamentares confirmou o texto com mudan\u00e7as feitas durante a tramita\u00e7\u00e3o. Como houve altera\u00e7\u00f5es, a mat\u00e9ria precisa ser sancionada pelo Executivo para ter validade definitiva.<\/p>\n<p>O texto tamb\u00e9m contempla policiais militares e bombeiros dos chamados ex-territ\u00f3rios, que receberam reajuste de 24,32% em duas parcelas. Esse grupo inclui servidores de estados como Amap\u00e1, Roraima e Rond\u00f4nia, que mant\u00eam regime diferenciado desde a transforma\u00e7\u00e3o em unidades federativas.<\/p>\n<p>Entre as categorias, o soldo de um coronel da Pol\u00edcia Militar passaou de R$ 3.195 para R$ 4.800 entre novembro de 2025 e janeiro de 2026, uma alta de cerca de 50%. J\u00e1 na Pol\u00edcia Civil, delegados da categoria especial tiveram aumento superior a R$ 8 mil.<\/p>\n<p>VEJA TAMB\u00c9M:<\/p>\n<p>Tamb\u00e9m houve reajuste no aux\u00edlio-moradia para policiais militares e bombeiros, que subiu 24,3%, com impacto estimado em R$ 25,7 milh\u00f5es aos cofres p\u00fablicos.<\/p>\n<p>Segundo estimativas oficiais, o impacto or\u00e7ament\u00e1rio ser\u00e1 de R$ 203,1 milh\u00f5es em 2025, saltando para cerca de R$ 3 bilh\u00f5es em 2026 e 2027. Para compensar parte dos gastos, o governo prev\u00ea a extin\u00e7\u00e3o de 344 cargos vagos de m\u00e9dico e soci\u00f3logo no Minist\u00e9rio da Gest\u00e3o e da Inova\u00e7\u00e3o (MGI).<\/p>\n<\/div>\n<p>\u00a0<\/p>","protected":false},"excerpt":{"rendered":"<p>O Senado aprovou nesta ter\u00e7a-feira (31) uma medida provis\u00f3ria que mant\u00e9m o reajuste salarial de at\u00e9 28,4% para policiais civis,&hellip;<\/p>\n","protected":false},"author":4,"featured_media":327089,"comment_status":"open","ping_status":"open","sticky":false,"template":"","format":"standard","meta":{"footnotes":""},"categories":[190],"tags":[],"class_list":["post-327241","post","type-post","status-publish","format-standard","has-post-thumbnail","hentry","category-economia"],"_links":{"self":[{"href":"https:\/\/villanews.com.br\/index.php?rest_route=\/wp\/v2\/posts\/327241","targetHints":{"allow":["GET"]}}],"collection":[{"href":"https:\/\/villanews.com.br\/index.php?rest_route=\/wp\/v2\/posts"}],"about":[{"href":"https:\/\/villanews.com.br\/index.php?rest_route=\/wp\/v2\/types\/post"}],"author":[{"embeddable":true,"href":"https:\/\/villanews.com.br\/index.php?rest_route=\/wp\/v2\/users\/4"}],"replies":[{"embeddable":true,"href":"https:\/\/villanews.com.br\/index.php?rest_route=%2Fwp%2Fv2%2Fcomments&post=327241"}],"version-history":[{"count":0,"href":"https:\/\/villanews.com.br\/index.php?rest_route=\/wp\/v2\/posts\/327241\/revisions"}],"wp:featuredmedia":[{"embeddable":true,"href":"https:\/\/villanews.com.br\/index.php?rest_route=\/wp\/v2\/media\/327089"}],"wp:attachment":[{"href":"https:\/\/villanews.com.br\/index.php?rest_route=%2Fwp%2Fv2%2Fmedia&parent=327241"}],"wp:term":[{"taxonomy":"category","embeddable":true,"href":"https:\/\/villanews.com.br\/index.php?rest_route=%2Fwp%2Fv2%2Fcategories&post=327241"},{"taxonomy":"post_tag","embeddable":true,"href":"https:\/\/villanews.com.br\/index.php?rest_route=%2Fwp%2Fv2%2Ftags&post=327241"}],"curies":[{"name":"wp","href":"https:\/\/api.w.org\/{rel}","templated":true}]}}