{"id":327171,"date":"2026-04-01T08:06:00","date_gmt":"2026-04-01T12:06:00","guid":{"rendered":"https:\/\/villanews.com.br\/?p=327171"},"modified":"2026-04-01T08:06:00","modified_gmt":"2026-04-01T12:06:00","slug":"ronaldo-caiado-e-o-candidato-de-si-mesmo","status":"publish","type":"post","link":"https:\/\/villanews.com.br\/?p=327171","title":{"rendered":"Ronaldo Caiado \u00e9 o candidato de si mesmo"},"content":{"rendered":"<div class=\"postLayout_post-content__gsXFz\"><img decoding=\"async\" src=\"https:\/\/media.gazetadopovo.com.br\/2026\/03\/24142736\/ronaldo-caiado-romullo-carvaho-secom.jpg.webp\" \/><span>Ronaldo Caiado est\u00e1 no segundo mandato de governador em Goi\u00e1s. (Foto: Romullo Carvalho\/Governo de Goi\u00e1s)<\/span>\n<p>Ou\u00e7a este conte\u00fado<\/p>\n<div class=\"postBody_post-body-container__1KhtH\">\n<p>Quanto tempo dura a candidatura de Ronaldo Caiado? Ele foi escolhido presidenci\u00e1vel por uma elite de caciques liderada por <a href=\"https:\/\/www.gazetadopovo.com.br\/tudo-sobre\/gilberto-kassab\/\">Gilberto Kassab<\/a>. As bases do PSD, entretanto, n\u00e3o poderiam estar mais desinteressadas em sua candidatura. Afinal, n\u00e3o se trata de um partido doutrin\u00e1rio, que aglutina afilhados por vis\u00e3o de mundo, que ambicione unificar o discurso em nome das convic\u00e7\u00f5es conservadoras do governador de Goi\u00e1s. Ao contr\u00e1rio, o PSD, desde sua funda\u00e7\u00e3o, foi pensado para orbitar o poder, independente de quem esteja nele.<\/p>\n<p>\u00c9 a l\u00f3gica local, bem como a forma\u00e7\u00e3o de bancadas no <a href=\"https:\/\/www.gazetadopovo.com.br\/tudo-sobre\/congresso-nacional\/\">Congresso<\/a>, que dita seus rumos. E, sob este prisma, Caiado (assim como seria <a href=\"https:\/\/www.gazetadopovo.com.br\/tudo-sobre\/eduardo-leite\/\">Eduardo Leite<\/a>), torna-se um empecilho. O governador de Goi\u00e1s, pelo menos circunstancialmente, \u00e9 candidato apenas de si mesmo. Ou o lulista PSD baiano, ou o bolsonarista PSD de S\u00e3o Paulo v\u00e3o abrir m\u00e3o de apoiar Lula e <a href=\"https:\/\/www.gazetadopovo.com.br\/tudo-sobre\/flavio-bolsonaro\/\">Fl\u00e1vio Bolsonaro<\/a> para embarcar numa aventura que patina nas pesquisas para ficar na frente de <a href=\"https:\/\/www.gazetadopovo.com.br\/vozes\/renan-santos\/\">Renan Santos<\/a>, do rec\u00e9m lan\u00e7ado partido Miss\u00e3o?<\/p>\n<blockquote class=\"postQuote_post-quote-container__KXTpH\">\n<p>Caiado n\u00e3o tem a mesma posi\u00e7\u00e3o e s\u00f3 pode competir pelos votos de Fl\u00e1vio, j\u00e1 que sempre foi um l\u00edder pol\u00edtico de direita. De modo que, para crescer, se obrigaria a bater mais nele do que em Lula<\/p>\n<\/blockquote>\n<p>Nem mesmo no Rio Grande do Sul, do PSD de Eduardo Leite, haver\u00e1 muita disposi\u00e7\u00e3o para apoio. Alijado da disputa, o governador ga\u00facho lan\u00e7ou um v\u00eddeo criticando a escolha e deixando claro seu inconformismo. Por que ele dedicaria tempo a Caiado quando precisa se dedicar em eleger o pr\u00f3prio sucessor no estado?<\/p>\n<p>Qual o caminho discursivo que sobra a Caiado? Leite ao menos tentaria fisgar alguns votos liberais e de centro-esquerda, equilibrando o tom para n\u00e3o se parecer nem com <a href=\"https:\/\/www.gazetadopovo.com.br\/tudo-sobre\/lula\/\">Lula<\/a> e nem com Fl\u00e1vio Bolsonaro.<\/p>\n<p>VEJA TAMB\u00c9M:<\/p>\n<p>Caiado n\u00e3o tem a mesma posi\u00e7\u00e3o e s\u00f3 pode competir pelos votos de Fl\u00e1vio, j\u00e1 que sempre foi um l\u00edder pol\u00edtico de direita. De modo que, para crescer, se obrigaria a bater mais nele do que em Lula. E isso provavelmente n\u00e3o seria recebido pelo eleitor bolsonarista de forma positiva. Acabaria soando, isso sim, como um traidor.<\/p>\n<p>A indica\u00e7\u00e3o de Caiado \u00e9 a capitula\u00e7\u00e3o da chamada \u201cterceira via\u201d como alternativa de centro. Ele \u00e9, isto sim, a personifica\u00e7\u00e3o de outra coisa: o bolsonarismo sem <a href=\"https:\/\/www.gazetadopovo.com.br\/tudo-sobre\/jair-bolsonaro\/\">Jair Bolsonaro<\/a>. E este tem ainda menos margem para ser bem-sucedido. N\u00e3o parece haver, no mercado das ideias pol\u00edticas, algu\u00e9m que compre tal produto pelo valor de face. Melhor ent\u00e3o o bolsonarismo com Bolsonaro, mesmo que seja o filho.<\/p>\n<\/div>\n<p>Conte\u00fado editado por: <a title=\"Link para o perfil de Jocelaine Santos\" href=\"https:\/\/www.gazetadopovo.com.br\/autor\/jocelaine-santos\/\">Jocelaine Santos<\/a><\/p>\n<h2>Voc\u00ea pode se interessar<\/h2>\n<p>Encontrou algo errado na mat\u00e9ria?<\/p>\n<p>Comunique erros<\/p>\n<p>Use este espa\u00e7o apenas para a comunica\u00e7\u00e3o de erros<\/p>\n<\/div>","protected":false},"excerpt":{"rendered":"<p>Ronaldo Caiado est\u00e1 no segundo mandato de governador em Goi\u00e1s. (Foto: Romullo Carvalho\/Governo de Goi\u00e1s) Ou\u00e7a este conte\u00fado Quanto tempo&hellip;<\/p>\n","protected":false},"author":4,"featured_media":327172,"comment_status":"open","ping_status":"open","sticky":false,"template":"","format":"standard","meta":{"footnotes":""},"categories":[204],"tags":[],"class_list":["post-327171","post","type-post","status-publish","format-standard","has-post-thumbnail","hentry","category-ultimas-noticias"],"_links":{"self":[{"href":"https:\/\/villanews.com.br\/index.php?rest_route=\/wp\/v2\/posts\/327171","targetHints":{"allow":["GET"]}}],"collection":[{"href":"https:\/\/villanews.com.br\/index.php?rest_route=\/wp\/v2\/posts"}],"about":[{"href":"https:\/\/villanews.com.br\/index.php?rest_route=\/wp\/v2\/types\/post"}],"author":[{"embeddable":true,"href":"https:\/\/villanews.com.br\/index.php?rest_route=\/wp\/v2\/users\/4"}],"replies":[{"embeddable":true,"href":"https:\/\/villanews.com.br\/index.php?rest_route=%2Fwp%2Fv2%2Fcomments&post=327171"}],"version-history":[{"count":0,"href":"https:\/\/villanews.com.br\/index.php?rest_route=\/wp\/v2\/posts\/327171\/revisions"}],"wp:featuredmedia":[{"embeddable":true,"href":"https:\/\/villanews.com.br\/index.php?rest_route=\/wp\/v2\/media\/327172"}],"wp:attachment":[{"href":"https:\/\/villanews.com.br\/index.php?rest_route=%2Fwp%2Fv2%2Fmedia&parent=327171"}],"wp:term":[{"taxonomy":"category","embeddable":true,"href":"https:\/\/villanews.com.br\/index.php?rest_route=%2Fwp%2Fv2%2Fcategories&post=327171"},{"taxonomy":"post_tag","embeddable":true,"href":"https:\/\/villanews.com.br\/index.php?rest_route=%2Fwp%2Fv2%2Ftags&post=327171"}],"curies":[{"name":"wp","href":"https:\/\/api.w.org\/{rel}","templated":true}]}}