{"id":327156,"date":"2026-04-01T07:52:16","date_gmt":"2026-04-01T11:52:16","guid":{"rendered":"https:\/\/villanews.com.br\/?p=327156"},"modified":"2026-04-01T07:52:16","modified_gmt":"2026-04-01T11:52:16","slug":"geraldo-alckmin-perdeu-reduto-eleitoral-e-nao-tem-saida-a-nao-ser-continuar-vice-de-lula","status":"publish","type":"post","link":"https:\/\/villanews.com.br\/?p=327156","title":{"rendered":"Geraldo Alckmin perdeu reduto eleitoral e n\u00e3o tem sa\u00edda a n\u00e3o ser continuar vice de Lula"},"content":{"rendered":"<div class=\"postLayout_post-content__gsXFz\"><img decoding=\"async\" src=\"https:\/\/media.gazetadopovo.com.br\/2026\/03\/31105245\/b815e760bae92e0655fdcbebfdff2624f5f44c69w.jpg.webp\" \/><span>Fala em reuni\u00e3o ministerial p\u00f5e fim a incerteza do PSB e articula\u00e7\u00e3o por nome do MDB. (Foto: Sebastiao Moreira\/EFE)<\/span>\n<p>Ou\u00e7a este conte\u00fado<\/p>\n<div class=\"postBody_post-body-container__1KhtH\">\n<p>Crist\u00e3o novo no partido, Geraldo Alckmin ainda \u00e9 visto com indiferen\u00e7a por alguns membros hist\u00f3ricos do PSB, e todos sabem que houve um arranjo para faz\u00ea-lo vice-presidente de <a href=\"https:\/\/www.gazetadopovo.com.br\/tudo-sobre\/lula\/\">Lula da Silva<\/a>. A confirma\u00e7\u00e3o, nesta semana, de que Alckmin ser\u00e1 seu vice \u2013 antecipada pela Coluna dia 9 de mar\u00e7o \u2013 passou em especial por uma conversa do presidente Lula com o jovem <a href=\"https:\/\/www.gazetadopovo.com.br\/tudo-sobre\/joao-campos\/\">Jo\u00e3o Campos<\/a>, comandante nacional do PSB.<\/p>\n<p>Os socialistas ter\u00e3o chapas com PT em diferentes Estados, mas n\u00e3o em todos. Prova de que a verticaliza\u00e7\u00e3o tentada anos atr\u00e1s, em regra eleitoral, nunca dar\u00e1 certo no Brasil. Os dois partidos se convenceram de que a dupla vai bem afinada, e que Alckmin \u00e9 uma boa ponte para o empresariado.<\/p>\n<p>No entanto, h\u00e1 tamb\u00e9m a avalia\u00e7\u00e3o de que o vice \u201cmorreu\u201d eleitoralmente em S\u00e3o Paulo, seu reduto, ap\u00f3s trocar o PSDB onde mantinha o voto tradicional de sua trajet\u00f3ria pela alian\u00e7a com o petista que muitas vezes criticou quando advers\u00e1rio. Alckmin n\u00e3o tem sa\u00edda a n\u00e3o ser aceitar a vice.<\/p>\n<h2>Cad\u00ea o Refis?<\/h2>\n<p>A gastan\u00e7a do governo Lula da Silva 3 e a cobi\u00e7a por faturar no Tesouro com mais cobran\u00e7as est\u00e1 irritando a classe m\u00e9dia e o empresariado. Muitas empresas endividadas desde a pandemia do Covid-19 n\u00e3o conseguem pagar em dia os parcelamentos de d\u00edvida da Receita e PGFN. E cobram no conselh\u00e3o e na Fazenda o famoso Refis \u2013 que n\u00e3o sai h\u00e1 quatro anos! Um bom desconto dos juros nesse cen\u00e1rio ajudaria o patronato.<\/p>\n<h2>Piso da obra<\/h2>\n<p>Foi aprovado na C\u00e2mara o PL 626\/20 \u201cEngenheiro, sim. Analista, n\u00e3o\u201d, que pro\u00edbe contrata\u00e7\u00e3o de engenheiros como \u201canalistas &amp; consultores\u201d e outros termos, utilizados na pra\u00e7a para burlar o sal\u00e1rio piso dos profissionais. Idealizado pela Federa\u00e7\u00e3o Interestadual de Sindicatos de Engenheiros, o PL \u00e9 de autoria do deputado federal <a href=\"https:\/\/www.gazetadopovo.com.br\/tudo-sobre\/rogerio-correia\/\">Rog\u00e9rio Correia<\/a> (PT-MG), e relatoria do federal Reimont (PT-RJ).<\/p>\n<h2>Contra a dor<\/h2>\n<p>Autor de projeto que prop\u00f5e a cria\u00e7\u00e3o de cl\u00ednicas da dor nos hospitais universit\u00e1rios federais do pa\u00eds, o deputado federal Hugo Leal (PSD-RJ) visitou a Cl\u00ednica da Dor da UERJ, refer\u00eancia no tema. Leal defende que a experi\u00eancia da universidade estadual, modelo coordenado pelo professor Nivaldo Villela, sirva de base para estruturar uma pol\u00edtica nacional de cuidado especializado.<\/p>\n<h2>Educa\u00e7\u00e3o privada<\/h2>\n<p>Levantamento do Arco Insights, da Arco Educa\u00e7\u00e3o, mapeou 89% do setor privado do pa\u00eds (37.609 escolas) e revela que essas redes de ensino concentram 28% dos alunos. O modelo responde a demanda das fam\u00edlias por propostas pedag\u00f3gicas robustas e solu\u00e7\u00f5es complementares. Para Heitor Martins, da Arco, os pais valorizam inova\u00e7\u00f5es como bilinguismo e apoio socioemocional, aliadas a boas notas no Enem e pre\u00e7o adequado.<\/p>\n<h2>Ovinho amargo na P\u00e1scoa<\/h2>\n<p>Levantamento do Procon-RJ e Sedcon indica varia\u00e7\u00e3o de at\u00e9 160,32% nos itens de P\u00e1scoa em 2026. O custo m\u00e9dio da cesta subiu 16,85%, chegando a R$ 233,70, com destaque para as barras de chocolate. A maior disparidade registrada entre os 70 produtos analisados foi de R$ 4,99 a R$ 12,99 em um mesmo item.<\/p>\n<p>VEJA TAMB\u00c9M:<\/p>\n<\/div>\n<p>Conte\u00fado editado por: <a title=\"Link para o perfil de Jocelaine Santos\" href=\"https:\/\/www.gazetadopovo.com.br\/autor\/jocelaine-santos\/\">Jocelaine Santos<\/a><\/p>\n<h2>Voc\u00ea pode se interessar<\/h2>\n<p>Encontrou algo errado na mat\u00e9ria?<\/p>\n<p>Comunique erros<\/p>\n<p>Use este espa\u00e7o apenas para a comunica\u00e7\u00e3o de erros<\/p>\n<\/div>","protected":false},"excerpt":{"rendered":"<p>Fala em reuni\u00e3o ministerial p\u00f5e fim a incerteza do PSB e articula\u00e7\u00e3o por nome do MDB. (Foto: Sebastiao Moreira\/EFE) Ou\u00e7a&hellip;<\/p>\n","protected":false},"author":4,"featured_media":327157,"comment_status":"open","ping_status":"open","sticky":false,"template":"","format":"standard","meta":{"footnotes":""},"categories":[204],"tags":[],"class_list":["post-327156","post","type-post","status-publish","format-standard","has-post-thumbnail","hentry","category-ultimas-noticias"],"_links":{"self":[{"href":"https:\/\/villanews.com.br\/index.php?rest_route=\/wp\/v2\/posts\/327156","targetHints":{"allow":["GET"]}}],"collection":[{"href":"https:\/\/villanews.com.br\/index.php?rest_route=\/wp\/v2\/posts"}],"about":[{"href":"https:\/\/villanews.com.br\/index.php?rest_route=\/wp\/v2\/types\/post"}],"author":[{"embeddable":true,"href":"https:\/\/villanews.com.br\/index.php?rest_route=\/wp\/v2\/users\/4"}],"replies":[{"embeddable":true,"href":"https:\/\/villanews.com.br\/index.php?rest_route=%2Fwp%2Fv2%2Fcomments&post=327156"}],"version-history":[{"count":0,"href":"https:\/\/villanews.com.br\/index.php?rest_route=\/wp\/v2\/posts\/327156\/revisions"}],"wp:featuredmedia":[{"embeddable":true,"href":"https:\/\/villanews.com.br\/index.php?rest_route=\/wp\/v2\/media\/327157"}],"wp:attachment":[{"href":"https:\/\/villanews.com.br\/index.php?rest_route=%2Fwp%2Fv2%2Fmedia&parent=327156"}],"wp:term":[{"taxonomy":"category","embeddable":true,"href":"https:\/\/villanews.com.br\/index.php?rest_route=%2Fwp%2Fv2%2Fcategories&post=327156"},{"taxonomy":"post_tag","embeddable":true,"href":"https:\/\/villanews.com.br\/index.php?rest_route=%2Fwp%2Fv2%2Ftags&post=327156"}],"curies":[{"name":"wp","href":"https:\/\/api.w.org\/{rel}","templated":true}]}}