{"id":327151,"date":"2026-04-01T08:00:14","date_gmt":"2026-04-01T12:00:14","guid":{"rendered":"https:\/\/villanews.com.br\/?p=327151"},"modified":"2026-04-01T08:00:14","modified_gmt":"2026-04-01T12:00:14","slug":"atlasintel-divulga-pesquisa-para-governador-de-santa-catarina-veja-os-numeros","status":"publish","type":"post","link":"https:\/\/villanews.com.br\/?p=327151","title":{"rendered":"AtlasIntel divulga pesquisa para governador de Santa Catarina; veja os n\u00fameros"},"content":{"rendered":"<div class=\"postBody_post-body-container__1KhtH\">\n<p>A AtlasIntel divulgou nesta quarta-feira (1\u00ba), uma pesquisa com as inten\u00e7\u00f5es de voto para para governador de Santa Catarina nas elei\u00e7\u00f5es de 2026.<\/p>\n<p><strong>Jorginho Mello<\/strong> (PL) lidera os dois cen\u00e1rios estimulados de primeiro turno. Nas simula\u00e7\u00f5es de segundo turno, ele venceria os tr\u00eas embates.<\/p>\n<h2>Pesquisa para governador de Santa Catarina<\/h2>\n<p>A AtlasIntel fez pesquisa com dois cen\u00e1rios estimulados (quando s\u00e3o mostrados os nomes).\u00a0<\/p>\n<h3>Jorginho Mello lidera primeiro cen\u00e1rio<\/h3>\n<ul>\n<li>Jorginho Mello (PL):\u00a049,4%<\/li>\n<li>Jo\u00e3o Rodrigues (PSD):\u00a021,4%<\/li>\n<li>Gelson Mer\u00edsio (Solidariedade):\u00a013,8%<\/li>\n<li>Marcelo Brigadeiro (Miss\u00e3o): 5,7%<\/li>\n<li>Marcos Vieira (PSDB): 1,6%<\/li>\n<li>Branco\/nulo:\u00a05,2%<\/li>\n<li>N\u00e3o sabe: 3%<\/li>\n<\/ul>\n<h3>Jorginho Mello mant\u00e9m lideran\u00e7a no segundo cen\u00e1rio<\/h3>\n<ul>\n<li>Jorginho Mello (PL):\u00a049,9%<\/li>\n<li>Jo\u00e3o Rodrigues (PSD):\u00a020,9%<\/li>\n<li>D\u00e9cio Lima (PT):\u00a019,6%<\/li>\n<li>Marcelo Brigadeiro (Miss\u00e3o): 5,7%<\/li>\n<li>Marcos Vieira (PSDB): 1,3%<\/li>\n<li>Branco\/nulo:\u00a01,1%<\/li>\n<li>N\u00e3o sabe: 1,5%<\/li>\n<\/ul>\n<p>VEJA TAMB\u00c9M:<\/p>\n<h2>Pesquisa de segundo turno para governador de Santa Catarina<\/h2>\n<p>A AtlasIntel perguntou aos entrevistados, em um eventual segundo turno para governador de Santa Catarina, como cada um votaria.<\/p>\n<h3>Jorginho Mello x Jo\u00e3o Rodrigues<\/h3>\n<ul>\n<li>Jorginho Mello (PL):\u00a053,1%<\/li>\n<li>Jo\u00e3o Rodrigues (PSD): 30,3%<\/li>\n<li>Branco\/nulo\/n\u00e3o sabe: 16,6%<\/li>\n<\/ul>\n<h3>Jorginho Mello x Gelson Mer\u00edsio<\/h3>\n<ul>\n<li>Jorginho Mello (PL):\u00a060,7%<\/li>\n<li>Gelson Mer\u00edsio (Solidariedade): 22,8%<\/li>\n<li>Branco\/nulo\/n\u00e3o sabe: 16,5%<\/li>\n<\/ul>\n<h3>Jorginho Mello x D\u00e9cio Lima<\/h3>\n<ul>\n<li>Jorginho Mello (PL):\u00a059,1%<\/li>\n<li>D\u00e9cio Lima (PT): 26,8%<\/li>\n<li>Branco\/nulo\/n\u00e3o sabe: 14,1%<\/li>\n<\/ul>\n<h3>Jo\u00e3o Rodrigues x Gelson Mer\u00edsio<\/h3>\n<ul>\n<li>Jo\u00e3o Rodrigues (PSD):\u00a052,6%<\/li>\n<li>Gelson Mer\u00edsio (Solidariedade): 17,6%<\/li>\n<li>Branco\/nulo\/n\u00e3o sabe: 29,7%<\/li>\n<\/ul>\n<p><strong>Metodologia<\/strong>: A pesquisa ouviu 1.280 pessoas entre os dias 25 e 30 de mar\u00e7o. A margem de erro \u00e9 de 3 pontos percentuais, para mais ou para menos. A pesquisa foi contratada pelo pr\u00f3prio instituto. O n\u00edvel de confian\u00e7a \u00e9 de 95%. Registro no TSE n\u00ba SC-05257\/2026.<\/p>\n<h4>Por que a Gazeta do Povo publica pesquisas eleitorais\u00a0\u00a0<\/h4>\n<p>A <strong>Gazeta do Povo<\/strong> publica h\u00e1 anos todas as pesquisas de inten\u00e7\u00e3o de voto realizadas pelos principais institutos de opini\u00e3o p\u00fablica do pa\u00eds. As pesquisas de inten\u00e7\u00e3o de voto fazem uma leitura de momento, com base em amostras representativas da popula\u00e7\u00e3o.<\/p>\n<p>M\u00e9todos de entrevistas, composi\u00e7\u00e3o e n\u00famero da amostra e at\u00e9 mesmo a forma como uma pergunta \u00e9 feita s\u00e3o fatores que podem influenciar no resultado. Por isso \u00e9 importante ficar atento \u00e0s informa\u00e7\u00f5es de metodologias, encontradas no fim das mat\u00e9rias da <strong>Gazeta do Povo<\/strong> sobre pesquisas eleitorais.Pesquisas publicadas nas elei\u00e7\u00f5es de 2022, por exemplo, apontaram discrep\u00e2ncias relevantes em rela\u00e7\u00e3o ao resultado apresentado na urna. Feitos esses apontamentos, a <strong>Gazeta do Povo<\/strong> considera que as pesquisas eleitorais, longe de serem uma previs\u00e3o do resultado das elei\u00e7\u00f5es, s\u00e3o uma ferramenta de informa\u00e7\u00e3o \u00e0 disposi\u00e7\u00e3o do leitor, j\u00e1 que os resultados divulgados t\u00eam potencial de influenciar decis\u00f5es de partidos, de lideran\u00e7as pol\u00edticas e at\u00e9 mesmo os humores do mercado financeiro.<\/p>\n<p>VEJA TAMB\u00c9M:<\/p>\n<\/div>","protected":false},"excerpt":{"rendered":"<p>A AtlasIntel divulgou nesta quarta-feira (1\u00ba), uma pesquisa com as inten\u00e7\u00f5es de voto para para governador de Santa Catarina nas&hellip;<\/p>\n","protected":false},"author":4,"featured_media":327152,"comment_status":"open","ping_status":"open","sticky":false,"template":"","format":"standard","meta":{"footnotes":""},"categories":[204],"tags":[],"class_list":["post-327151","post","type-post","status-publish","format-standard","has-post-thumbnail","hentry","category-ultimas-noticias"],"_links":{"self":[{"href":"https:\/\/villanews.com.br\/index.php?rest_route=\/wp\/v2\/posts\/327151","targetHints":{"allow":["GET"]}}],"collection":[{"href":"https:\/\/villanews.com.br\/index.php?rest_route=\/wp\/v2\/posts"}],"about":[{"href":"https:\/\/villanews.com.br\/index.php?rest_route=\/wp\/v2\/types\/post"}],"author":[{"embeddable":true,"href":"https:\/\/villanews.com.br\/index.php?rest_route=\/wp\/v2\/users\/4"}],"replies":[{"embeddable":true,"href":"https:\/\/villanews.com.br\/index.php?rest_route=%2Fwp%2Fv2%2Fcomments&post=327151"}],"version-history":[{"count":0,"href":"https:\/\/villanews.com.br\/index.php?rest_route=\/wp\/v2\/posts\/327151\/revisions"}],"wp:featuredmedia":[{"embeddable":true,"href":"https:\/\/villanews.com.br\/index.php?rest_route=\/wp\/v2\/media\/327152"}],"wp:attachment":[{"href":"https:\/\/villanews.com.br\/index.php?rest_route=%2Fwp%2Fv2%2Fmedia&parent=327151"}],"wp:term":[{"taxonomy":"category","embeddable":true,"href":"https:\/\/villanews.com.br\/index.php?rest_route=%2Fwp%2Fv2%2Fcategories&post=327151"},{"taxonomy":"post_tag","embeddable":true,"href":"https:\/\/villanews.com.br\/index.php?rest_route=%2Fwp%2Fv2%2Ftags&post=327151"}],"curies":[{"name":"wp","href":"https:\/\/api.w.org\/{rel}","templated":true}]}}