{"id":327126,"date":"2026-04-01T07:52:00","date_gmt":"2026-04-01T11:52:00","guid":{"rendered":"https:\/\/villanews.com.br\/?p=327126"},"modified":"2026-04-01T07:52:00","modified_gmt":"2026-04-01T11:52:00","slug":"motta-quer-votar-na-proxima-semana-financiamento-minimo-para-assistencia-social-no-brasil","status":"publish","type":"post","link":"https:\/\/villanews.com.br\/?p=327126","title":{"rendered":"Motta quer votar na pr\u00f3xima semana financiamento m\u00ednimo para assist\u00eancia social no Brasil"},"content":{"rendered":"<article class=\"g-artigo artigo--noticia\">\n<span>Trabalho, Previd\u00eancia e Assist\u00eancia<\/span>\n<h1>Motta quer votar na pr\u00f3xima semana financiamento m\u00ednimo para assist\u00eancia social no Brasil<\/h1>\n<p>PEC assegura o repasse m\u00ednimo de 1% da Receita Corrente L\u00edquida para o Sistema \u00danico de Assist\u00eancia Social<\/p>\n<div>\n<p>\n\t\t\t\t\t\t\t\t\t\t\t01\/04\/2026 &#8211; 08:52 \u00a0\n\t\t\t\t\t\t\t\t\t\t<\/p>\n<p><em>Vinicius Loures\/C\u00e2mara dos Deputados<\/em><br \/>\n<img decoding=\"async\" src=\"https:\/\/www.camara.leg.br\/midias\/image\/2026\/03\/img20260209190130462-768x474.jpg\" \/><\/p>\n<div>Hugo Motta: &#8220;Estamos prontos para colaborar com esse debate&#8221;<\/div>\n<p>O presidente da C\u00e2mara dos Deputados, Hugo Motta (Republicanos-PB), afirmou que pretende votar na pr\u00f3xima semana a Proposta de Emenda \u00e0 Constitui\u00e7\u00e3o que assegura o repasse m\u00ednimo de 1% da Receita Corrente L\u00edquida da Uni\u00e3o para o Sistema \u00danico de Assist\u00eancia Social (Suas) (<a href=\"https:\/\/www.camara.leg.br\/noticias\/542380-proposta-destina-a-assistencia-social-1-da-receita-corrente-liquida\">PEC 383\/17<\/a>).<\/p>\n<p>A medida \u00e9 aguardada pelo setor como um marco para a sustentabilidade financeira da assist\u00eancia no Brasil, garantindo recursos perenes para o atendimento \u00e0 popula\u00e7\u00e3o. De acordo com Motta, com essa aprova\u00e7\u00e3o, haver\u00e1 garantia de investimentos nos programas sociais. A proposta tamb\u00e9m assegura uma renda m\u00ednima para as pessoas em situa\u00e7\u00e3o de pobreza.<\/p>\n<p>\u201c\u00c9 a C\u00e2mara, mais uma vez, demonstrando seu compromisso com as pessoas que mais precisam no nosso Pa\u00eds\u201d, disse o presidente por meio de suas redes sociais. \u201cFechar os olhos n\u00e3o elimina a desigualdade do nosso pa\u00eds. Estamos prontos para colaborar com esse debate\u201d, afirmou Motta.<\/p>\n<p>Reportagem \u2013 Luiz Gustavo Xavier<\/p>\n<p>Edi\u00e7\u00e3o \u2013 Rachel Librelon<\/p>\n<\/div>\n<\/article>","protected":false},"excerpt":{"rendered":"<p>Trabalho, Previd\u00eancia e Assist\u00eancia Motta quer votar na pr\u00f3xima semana financiamento m\u00ednimo para assist\u00eancia social no Brasil PEC assegura o&hellip;<\/p>\n","protected":false},"author":4,"featured_media":327127,"comment_status":"open","ping_status":"open","sticky":false,"template":"","format":"standard","meta":{"footnotes":""},"categories":[240],"tags":[],"class_list":["post-327126","post","type-post","status-publish","format-standard","has-post-thumbnail","hentry","category-camara-dos-deputados"],"_links":{"self":[{"href":"https:\/\/villanews.com.br\/index.php?rest_route=\/wp\/v2\/posts\/327126","targetHints":{"allow":["GET"]}}],"collection":[{"href":"https:\/\/villanews.com.br\/index.php?rest_route=\/wp\/v2\/posts"}],"about":[{"href":"https:\/\/villanews.com.br\/index.php?rest_route=\/wp\/v2\/types\/post"}],"author":[{"embeddable":true,"href":"https:\/\/villanews.com.br\/index.php?rest_route=\/wp\/v2\/users\/4"}],"replies":[{"embeddable":true,"href":"https:\/\/villanews.com.br\/index.php?rest_route=%2Fwp%2Fv2%2Fcomments&post=327126"}],"version-history":[{"count":0,"href":"https:\/\/villanews.com.br\/index.php?rest_route=\/wp\/v2\/posts\/327126\/revisions"}],"wp:featuredmedia":[{"embeddable":true,"href":"https:\/\/villanews.com.br\/index.php?rest_route=\/wp\/v2\/media\/327127"}],"wp:attachment":[{"href":"https:\/\/villanews.com.br\/index.php?rest_route=%2Fwp%2Fv2%2Fmedia&parent=327126"}],"wp:term":[{"taxonomy":"category","embeddable":true,"href":"https:\/\/villanews.com.br\/index.php?rest_route=%2Fwp%2Fv2%2Fcategories&post=327126"},{"taxonomy":"post_tag","embeddable":true,"href":"https:\/\/villanews.com.br\/index.php?rest_route=%2Fwp%2Fv2%2Ftags&post=327126"}],"curies":[{"name":"wp","href":"https:\/\/api.w.org\/{rel}","templated":true}]}}