{"id":327099,"date":"2026-04-01T07:25:43","date_gmt":"2026-04-01T11:25:43","guid":{"rendered":"https:\/\/villanews.com.br\/?p=327099"},"modified":"2026-04-01T07:25:43","modified_gmt":"2026-04-01T11:25:43","slug":"argentina-designa-guarda-revolucionaria-do-ira-como-grupo-terrorista","status":"publish","type":"post","link":"https:\/\/villanews.com.br\/?p=327099","title":{"rendered":"Argentina designa Guarda Revolucion\u00e1ria do Ir\u00e3 como grupo terrorista"},"content":{"rendered":"<div class=\"postBody_post-body-container__1KhtH\">\n<p>O governo da Argentina anunciou nesta ter\u00e7a-feira (31) que passar\u00e1 a designar a Guarda Revolucion\u00e1ria Isl\u00e2mica do Ir\u00e3 como organiza\u00e7\u00e3o terrorista.<\/p>\n<p>No comunicado em que divulgou a decis\u00e3o, a gest\u00e3o Javier Milei citou o atentado \u00e0 Associa\u00e7\u00e3o Mutual Israelita Argentina (Amia), que matou 85 pessoas em 1994, e o ataque terrorista ocorrido dois anos antes na Embaixada de Israel em Buenos Aires, que deixou 29 mortos.<\/p>\n<p>Em abril de 2024, a Sala II do Tribunal Federal de Cassa\u00e7\u00e3o Criminal atribuiu ao Ir\u00e3 a responsabilidade pelos dois atentados, executados pelo grupo terrorista liban\u00eas Hezbollah, aliado do regime iraniano.<\/p>\n<p>\u201cInvestiga\u00e7\u00f5es judiciais e trabalhos de intelig\u00eancia determinaram que ambos os atentados foram planejados, financiados e executados com a participa\u00e7\u00e3o direta de altos funcion\u00e1rios do regime iraniano e agentes da Guarda Revolucion\u00e1ria\u201d, afirmou o governo argentino nesta ter\u00e7a-feira.<\/p>\n<p>\u201cComo resultado, os tribunais argentinos emitiram alertas vermelhos da Interpol contra v\u00e1rios cidad\u00e3os iranianos, incluindo o ex-ministro da Defesa Ahmad Vahidi, recentemente nomeado chefe da Guarda Revolucion\u00e1ria Isl\u00e2mica\u201d, acrescentou.<\/p>\n<p>A gest\u00e3o Milei afirmou que essa designa\u00e7\u00e3o possibilita a aplica\u00e7\u00e3o de san\u00e7\u00f5es financeiras e restri\u00e7\u00f5es operacionais destinadas a limitar a capacidade de atua\u00e7\u00e3o da Guarda Revolucion\u00e1ria na Argentina, \u201cprotegendo, ao mesmo tempo, o sistema financeiro argentino de ser utilizado para fins il\u00edcitos\u201d.<\/p>\n<p>\u201cO presidente Javier Milei espera que esta decis\u00e3o quite uma d\u00edvida hist\u00f3rica de mais de 30 anos com as fam\u00edlias das v\u00edtimas [dos atentados de 1992 e 94] e reafirma seu compromisso com a luta contra o crime organizado e o terrorismo, mantendo a convic\u00e7\u00e3o inquebr\u00e1vel de reconhecer os terroristas pelo que s\u00e3o\u201d, apontou o comunicado.<\/p>\n<p>Com a designa\u00e7\u00e3o do governo argentino, agora 18 pa\u00edses e a Uni\u00e3o Europeia consideram a Guarda Revolucion\u00e1ria do Ir\u00e3 uma organiza\u00e7\u00e3o terrorista. Na Am\u00e9rica do Sul, Equador e Paraguai j\u00e1 haviam tomado tal medida.<\/p>\n<p>VEJA TAMB\u00c9M:<\/p>\n<\/div>","protected":false},"excerpt":{"rendered":"<p>O governo da Argentina anunciou nesta ter\u00e7a-feira (31) que passar\u00e1 a designar a Guarda Revolucion\u00e1ria Isl\u00e2mica do Ir\u00e3 como organiza\u00e7\u00e3o&hellip;<\/p>\n","protected":false},"author":4,"featured_media":327100,"comment_status":"open","ping_status":"open","sticky":false,"template":"","format":"standard","meta":{"footnotes":""},"categories":[204],"tags":[],"class_list":["post-327099","post","type-post","status-publish","format-standard","has-post-thumbnail","hentry","category-ultimas-noticias"],"_links":{"self":[{"href":"https:\/\/villanews.com.br\/index.php?rest_route=\/wp\/v2\/posts\/327099","targetHints":{"allow":["GET"]}}],"collection":[{"href":"https:\/\/villanews.com.br\/index.php?rest_route=\/wp\/v2\/posts"}],"about":[{"href":"https:\/\/villanews.com.br\/index.php?rest_route=\/wp\/v2\/types\/post"}],"author":[{"embeddable":true,"href":"https:\/\/villanews.com.br\/index.php?rest_route=\/wp\/v2\/users\/4"}],"replies":[{"embeddable":true,"href":"https:\/\/villanews.com.br\/index.php?rest_route=%2Fwp%2Fv2%2Fcomments&post=327099"}],"version-history":[{"count":0,"href":"https:\/\/villanews.com.br\/index.php?rest_route=\/wp\/v2\/posts\/327099\/revisions"}],"wp:featuredmedia":[{"embeddable":true,"href":"https:\/\/villanews.com.br\/index.php?rest_route=\/wp\/v2\/media\/327100"}],"wp:attachment":[{"href":"https:\/\/villanews.com.br\/index.php?rest_route=%2Fwp%2Fv2%2Fmedia&parent=327099"}],"wp:term":[{"taxonomy":"category","embeddable":true,"href":"https:\/\/villanews.com.br\/index.php?rest_route=%2Fwp%2Fv2%2Fcategories&post=327099"},{"taxonomy":"post_tag","embeddable":true,"href":"https:\/\/villanews.com.br\/index.php?rest_route=%2Fwp%2Fv2%2Ftags&post=327099"}],"curies":[{"name":"wp","href":"https:\/\/api.w.org\/{rel}","templated":true}]}}