{"id":327069,"date":"2026-04-01T07:00:00","date_gmt":"2026-04-01T11:00:00","guid":{"rendered":"https:\/\/villanews.com.br\/?p=327069"},"modified":"2026-04-01T07:00:00","modified_gmt":"2026-04-01T11:00:00","slug":"o-que-o-brasil-precisa-aprender-com-a-guerra-contra-o-narcotrafico","status":"publish","type":"post","link":"https:\/\/villanews.com.br\/?p=327069","title":{"rendered":"O que o Brasil precisa aprender com a guerra contra o narcotr\u00e1fico"},"content":{"rendered":"<div class=\"postLayout_post-content__gsXFz\"><img decoding=\"async\" src=\"https:\/\/media.gazetadopovo.com.br\/2026\/03\/31151100\/13467556.jpg.webp\" \/><span>Policiais do Rio de Janeiro levam suspeitos presos em opera\u00e7\u00e3o contra o Comando Vermelho em 28 de outubro. (Foto: Antonio Lacerda\/EFE)<\/span>\n<p>Ou\u00e7a este conte\u00fado<\/p>\n<div class=\"postBody_post-body-container__1KhtH\">\n<p>Recentemente, participei do Miami Security Forum, evento organizado pela Heritage Foundation, que reuniu lideran\u00e7as das Am\u00e9ricas para debater o futuro da seguran\u00e7a no nosso hemisf\u00e9rio. Voltei dessa imers\u00e3o com uma convic\u00e7\u00e3o inc\u00f4moda, mas urgente: o narcotr\u00e1fico deixou de ser um &#8220;caso de pol\u00edcia&#8221; isolado para se tornar uma for\u00e7a transnacional, armada e sofisticada, que ataca diretamente o cora\u00e7\u00e3o das nossas p\u00e1trias.<\/p>\n<p>O que testemunhamos hoje n\u00e3o \u00e9 apenas criminalidade comum; \u00e9 um eclipse da soberania nacional, promovido por estruturas que se comportam como verdadeiros ex\u00e9rcitos inimigos, terroristas em suas a\u00e7\u00f5es previamente orquestradas.<\/p>\n<p>N\u00e3o estamos lidando com amadores. Esses grupos operam com a precis\u00e3o de multinacionais, capturam territ\u00f3rios inteiros e infiltram-se nas institui\u00e7\u00f5es com um poder financeiro que desafia a autoridade do Estado.<\/p>\n<p>O avan\u00e7o dessas organiza\u00e7\u00f5es representa, hoje, um dos maiores desafios \u00e0 estabilidade regional, pois elas exploram nossas fronteiras extensas e fragilidades institucionais para assumir caracter\u00edsticas t\u00edpicas de organiza\u00e7\u00f5es terroristas.<\/p>\n<blockquote>\n<p>O uso sistem\u00e1tico da viol\u00eancia, da intimida\u00e7\u00e3o e do controle territorial s\u00e3o as assinaturas de um poder que n\u00e3o respeita bandeiras<\/p>\n<\/blockquote>\n<p>\u00c9 alarmante observar a consolida\u00e7\u00e3o desses grupos em pa\u00edses vizinhos, com relat\u00f3rios de intelig\u00eancia j\u00e1 apontando uma influ\u00eancia severa em nossas zonas de fronteira. O risco \u00e9 amplificado pela conex\u00e3o operacional entre essas organiza\u00e7\u00f5es estrangeiras e fac\u00e7\u00f5es criminosas brasileiras.<\/p>\n<p>Essa converg\u00eancia de m\u00e9todos no tr\u00e1fico de drogas e armas cria um ecossistema de inseguran\u00e7a que amea\u00e7a n\u00e3o apenas a ordem p\u00fablica, mas a pr\u00f3pria sobreviv\u00eancia das institui\u00e7\u00f5es democr\u00e1ticas.<\/p>\n<p>VEJA TAMB\u00c9M:<\/p>\n<h2>Justi\u00e7a: o novo campo de batalha<\/h2>\n<p>Diante dessa amea\u00e7a, o combate fragmentado e burocr\u00e1tico \u00e9 um convite ao fracasso. O crime organizado possui um radar apurado para identificar onde a resist\u00eancia \u00e9 menor; se um pa\u00eds age com firmeza, mas o vizinho \u00e9 leniente, o crime simplesmente atravessa a rua. Por isso, a coopera\u00e7\u00e3o internacional e o alinhamento jur\u00eddico s\u00e3o pilares inegoci\u00e1veis. Nesse sentido, defendo que o reconhecimento formal de determinadas organiza\u00e7\u00f5es criminosas como terroristas n\u00e3o \u00e9 um mero gesto pol\u00edtico, mas uma necessidade estrat\u00e9gica.<\/p>\n<p>Quando fundamentado em avalia\u00e7\u00f5es criteriosas, esse enquadramento jur\u00eddico produz consequ\u00eancias vitais para o rastreamento de ativos, intelig\u00eancia e preven\u00e7\u00e3o de infiltra\u00e7\u00f5es. \u00c9 por essa raz\u00e3o que apresentamos emendas para ampliar o rol de organiza\u00e7\u00f5es abrangidas pelas novas proposi\u00e7\u00f5es legislativas, incluindo fac\u00e7\u00f5es e cart\u00e9is cuja periculosidade, na Am\u00e9rica Latina, exige um tratamento compat\u00edvel com a gravidade de suas a\u00e7\u00f5es.<\/p>\n<blockquote>\n<p>O Brasil n\u00e3o pode mais aceitar o papel de &#8220;zona de al\u00edvio&#8221; para criminosos que recuam de locais onde o enfrentamento \u00e9 mais severo<\/p>\n<\/blockquote>\n<p>Enquanto atualizamos nossas leis, precisamos, com a mesma pressa, atualizar nossa mentalidade no tocante ao combate. As pot\u00eancias globais j\u00e1 redesenharam suas estrat\u00e9gias para a realidade tecnol\u00f3gica atual. Vejamos o exemplo dos Estados Unidos, que destinaram US$ 1,1 bilh\u00e3o apenas para o desenvolvimento de drones.<\/p>\n<p>Isso n\u00e3o \u00e9 um detalhe t\u00e9cnico; \u00e9 uma mudan\u00e7a profunda na l\u00f3gica da infantaria e da defesa. A guerra moderna e o combate ao crime de elite n\u00e3o se definem mais apenas por efetivos tradicionais, mas por integra\u00e7\u00e3o tecnol\u00f3gica, sistemas aut\u00f4nomos e capacidade de neutraliza\u00e7\u00e3o remota.<\/p>\n<p>VEJA TAMB\u00c9M:<\/p>\n<h2>O fim da passividade<\/h2>\n<p>J\u00e1 enfrentamos o uso de drones a\u00e9reos e at\u00e9 mar\u00edtimos \u2014 embarca\u00e7\u00f5es velozes e de dif\u00edcil detec\u00e7\u00e3o, que alteram completamente o c\u00e1lculo estrat\u00e9gico em nossos portos e rotas de escoamento.<\/p>\n<p>Quem ignorar essa transforma\u00e7\u00e3o tecnol\u00f3gica ou n\u00e3o adaptar sua doutrina militar estar\u00e1, na pr\u00e1tica, entregando as chaves do territ\u00f3rio para o crime organizado. A moderniza\u00e7\u00e3o da nossa defesa deixou de ser uma escolha pol\u00edtica e passou a ser um imperativo de sobreviv\u00eancia para o Brasil e seus vizinhos.<\/p>\n<p>Precisamos de uma postura ativa. Defender a soberania em 2026 exige enxergar a realidade sem os filtros do amadorismo: o narcotr\u00e1fico hoje \u00e9 uma amea\u00e7a geopol\u00edtica global.<\/p>\n<p>Se n\u00e3o nos integrarmos tecnologicamente e n\u00e3o agirmos em bloco, seremos meros espectadores da eros\u00e3o de nossas pr\u00f3prias fronteiras. A omiss\u00e3o, neste cen\u00e1rio, \u00e9 uma escolha consciente pela obsolesc\u00eancia e pela derrota.<\/p>\n<p>N\u00e3o h\u00e1 mais espa\u00e7o para vis\u00f5es burocr\u00e1ticas diante de riscos que j\u00e1 batem \u00e0 nossa porta de forma violenta. A hist\u00f3ria n\u00e3o costuma ser benevolente com na\u00e7\u00f5es que dormem enquanto suas leis e territ\u00f3rios s\u00e3o desafiados por poderes invis\u00edveis.<\/p>\n<p>A soberania de uma na\u00e7\u00e3o n\u00e3o se garante apenas com discursos de patriotismo, mas com a coragem de enfrentar o futuro com as armas, a legisla\u00e7\u00e3o e a intelig\u00eancia que o novo s\u00e9culo exige.<\/p>\n<\/div>\n<h2>Voc\u00ea pode se interessar<\/h2>\n<p>Encontrou algo errado na mat\u00e9ria?<\/p>\n<p>Comunique erros<\/p>\n<p>Use este espa\u00e7o apenas para a comunica\u00e7\u00e3o de erros<\/p>\n<\/div>","protected":false},"excerpt":{"rendered":"<p>Policiais do Rio de Janeiro levam suspeitos presos em opera\u00e7\u00e3o contra o Comando Vermelho em 28 de outubro. (Foto: Antonio&hellip;<\/p>\n","protected":false},"author":4,"featured_media":327070,"comment_status":"open","ping_status":"open","sticky":false,"template":"","format":"standard","meta":{"footnotes":""},"categories":[204],"tags":[],"class_list":["post-327069","post","type-post","status-publish","format-standard","has-post-thumbnail","hentry","category-ultimas-noticias"],"_links":{"self":[{"href":"https:\/\/villanews.com.br\/index.php?rest_route=\/wp\/v2\/posts\/327069","targetHints":{"allow":["GET"]}}],"collection":[{"href":"https:\/\/villanews.com.br\/index.php?rest_route=\/wp\/v2\/posts"}],"about":[{"href":"https:\/\/villanews.com.br\/index.php?rest_route=\/wp\/v2\/types\/post"}],"author":[{"embeddable":true,"href":"https:\/\/villanews.com.br\/index.php?rest_route=\/wp\/v2\/users\/4"}],"replies":[{"embeddable":true,"href":"https:\/\/villanews.com.br\/index.php?rest_route=%2Fwp%2Fv2%2Fcomments&post=327069"}],"version-history":[{"count":0,"href":"https:\/\/villanews.com.br\/index.php?rest_route=\/wp\/v2\/posts\/327069\/revisions"}],"wp:featuredmedia":[{"embeddable":true,"href":"https:\/\/villanews.com.br\/index.php?rest_route=\/wp\/v2\/media\/327070"}],"wp:attachment":[{"href":"https:\/\/villanews.com.br\/index.php?rest_route=%2Fwp%2Fv2%2Fmedia&parent=327069"}],"wp:term":[{"taxonomy":"category","embeddable":true,"href":"https:\/\/villanews.com.br\/index.php?rest_route=%2Fwp%2Fv2%2Fcategories&post=327069"},{"taxonomy":"post_tag","embeddable":true,"href":"https:\/\/villanews.com.br\/index.php?rest_route=%2Fwp%2Fv2%2Ftags&post=327069"}],"curies":[{"name":"wp","href":"https:\/\/api.w.org\/{rel}","templated":true}]}}