{"id":327061,"date":"2026-04-01T07:01:48","date_gmt":"2026-04-01T11:01:48","guid":{"rendered":"https:\/\/villanews.com.br\/?p=327061"},"modified":"2026-04-01T07:01:48","modified_gmt":"2026-04-01T11:01:48","slug":"atlasintel-divulga-pesquisa-para-governador-e-senador-em-minas-gerais","status":"publish","type":"post","link":"https:\/\/villanews.com.br\/?p=327061","title":{"rendered":"AtlasIntel divulga pesquisa para governador e senador em Minas Gerais"},"content":{"rendered":"<div class=\"postBody_post-body-container__1KhtH\">\n<p>O instituto AtlasIntel divulgou nesta quarta-feira (1\u00ba), uma pesquisa de inten\u00e7\u00f5es de voto para governador de Minas Gerais nas elei\u00e7\u00f5es de 2026. Os eleitores tamb\u00e9m foram questionados sobre inten\u00e7\u00e3o de voto \u00e0s duas vagas para o Senado.<\/p>\n<p>Cleitinho (Republicanos) est\u00e1 na frente nos dois cen\u00e1rios estimulados. <strong>Rodrigo Pacheco <\/strong>(PSB) e <strong>Alexandre Kalil<\/strong> (PDT) aparecem na sequ\u00eancia.<\/p>\n<p>Para as duas vagas ao Senado por Minas Gerais, a situa\u00e7\u00e3o est\u00e1 indefinida, com pelo menos tr\u00eas potenciais candidatos com possibilidades de elei\u00e7\u00e3o.<\/p>\n<h2>Pesquisa para governador de Minas Gerais 2026<\/h2>\n<p>O AtlasIntel fez tr\u00eas cen\u00e1rios estimulados (quando s\u00e3o mostrados os nomes).\u00a0<\/p>\n<h3>Cleitinho lidera o primeiro cen\u00e1rio<\/h3>\n<ul>\n<li>Cleitinho (Republicanos): 32,7%<\/li>\n<li>Rodrigo Pacheco (PSB): 28,6%<\/li>\n<li>Alexandre Kalil (PDT): 11,7%<\/li>\n<li>Carlos Viana (Podemos): 7,5%<\/li>\n<li>Mateus Sim\u00f5es (PSD): 6,2%<\/li>\n<li>Gabriel Azevedo (MDB): 4%<\/li>\n<li>Ben Mendes (Miss\u00e3o): 3,7%<\/li>\n<li>Nulo\/branco: 1,8%<\/li>\n<li>N\u00e3o sabe\/n\u00e3o respondeu: 3,8%<\/li>\n<\/ul>\n<h3>Cleitinho mant\u00e9m lideran\u00e7a no segundo cen\u00e1rio<\/h3>\n<ul>\n<li>Cleitinho (Republicanos): 40,5%<\/li>\n<li>Alexandre Kalil (PDT): 29,4%<\/li>\n<li>Mateus Sim\u00f5es (PSD): 8,7%<\/li>\n<li>Gabriel Azevedo (MDB): 5,3%<\/li>\n<li>Ben Mendes (Miss\u00e3o): 3,7%<\/li>\n<li>Nulo\/branco: 5,9%<\/li>\n<li>N\u00e3o sabe\/n\u00e3o respondeu: 6,5%<\/li>\n<\/ul>\n<h3>No cen\u00e1rio com apoios, h\u00e1 empate t\u00e9cnico entre Rodrigo Pacheco e Cleitinho<\/h3>\n<ul>\n<li>Rodrigo Pacheco (PSB) apoiado por Lula: 37,9%<\/li>\n<li>Cleitinho (Republicanos): 34,2%<\/li>\n<li>Mateus Sim\u00f5es (PSD) apoiado por Bolsonaro e Zema: 11,5%<\/li>\n<li>Gabriel Azevedo (MDB): 4,2%<\/li>\n<li>Ben Mendes (Miss\u00e3o): 2,3%<\/li>\n<li>Nulo\/branco: 4,8%<\/li>\n<li>N\u00e3o sabe\/n\u00e3o respondeu: 5%<\/li>\n<\/ul>\n<h2>AtlasIntel apresenta cen\u00e1rios de 2\u00ba turno para governador de Minas Gerais<\/h2>\n<p>O AtlasIntel simulou quatro cen\u00e1rios de segundo turno para governador de Minas Gerais.<\/p>\n<h3>Cleitinho x Rodrigo Pacheco<\/h3>\n<ul>\n<li>Cleitinho (Republicanos): 47%<\/li>\n<li>Rodrigo Pacheco (PSB): 42%<\/li>\n<li>Branco\/nulo\/n\u00e3o sabe: 11%<\/li>\n<\/ul>\n<h3>Cleitinho x Alexandre Kalil<\/h3>\n<ul>\n<li>Cleitinho (Republicanos): 51%<\/li>\n<li>Alexandre Kalil (PDT): 36%<\/li>\n<li>Branco\/nulo\/n\u00e3o sabe: 14%<\/li>\n<\/ul>\n<h3>Rodrigo Pacheco x Mateus Sim\u00f5es<\/h3>\n<ul>\n<li>Rodrigo Pacheco (PSB): 43%<\/li>\n<li>Mateus Sim\u00f5es (PSD): 31%<\/li>\n<li>Branco\/nulo\/n\u00e3o sabe: 26%<\/li>\n<\/ul>\n<h3>Alexandre Kalil x Mateus Sim\u00f5es<\/h3>\n<ul>\n<li>Alexandre Kalil (PDT): 40%<\/li>\n<li>Mateus Sim\u00f5es (PSD): 32%<\/li>\n<li>Branco\/nulo\/n\u00e3o sabe: 28%<\/li>\n<\/ul>\n<h2>Pesquisa para o Senado por Minas Gerais\u00a0\u00a0<\/h2>\n<p>Para o Senado, o AtlasIntel apresentou dois cen\u00e1rios estimulados. Cada entrevistado escolheu dois nomes por cen\u00e1rio, porque nestas elei\u00e7\u00f5es ser\u00e3o duas as cadeiras para o senado.<\/p>\n<h3>Primeiro cen\u00e1rio tem situa\u00e7\u00e3o indefinida pelas duas vagas<\/h3>\n<ul>\n<li>Mar\u00edlia Campos (PT): 20%<\/li>\n<li>Carlos Viana (Podemos): 18,1%<\/li>\n<li>Domingos S\u00e1vio (PL): 16,2%<\/li>\n<li>Alexandre Kalil (PDT): 12,5%<\/li>\n<li>Marcelo Aro (PP): 8,5%<\/li>\n<li>\u00c1urea Carolina (PSOL): 7,7%<\/li>\n<li>A\u00e9cio Neves (PSDB): 2,6%<\/li>\n<li>Maria L\u00facia Cardoso (MDB): 0,7%<\/li>\n<li>Branco\/nulo: 9,8%<\/li>\n<li>N\u00e3o sabe: 3,8%<\/li>\n<\/ul>\n<h3>Segundo cen\u00e1rio tamb\u00e9m apresenta indefini\u00e7\u00e3o<\/h3>\n<ul>\n<li>Mar\u00edlia Campos (PT): 20,6%<\/li>\n<li>Carlos Viana (Podemos): 18%<\/li>\n<li>Domingos S\u00e1vio (PL): 15,6%<\/li>\n<li>Alexandre Silveira (PSD): 12,6%<\/li>\n<li>Marcelo Aro (PP): 9,4%<\/li>\n<li>\u00c1urea Carolina (PSOL): 8,1%<\/li>\n<li>A\u00e9cio Neves (PSDB): 2,9%<\/li>\n<li>Maria L\u00facia Cardoso (MDB): 0,7%<\/li>\n<li>Branco\/nulo: 7,8%<\/li>\n<li>N\u00e3o sabe: 4,3%<\/li>\n<\/ul>\n<p><strong>Metodologia<\/strong>: 2.195 entrevistados pelo AtlasIntel em Minas Gerais, entre os dias 25 e 30 de mar\u00e7o de 2026. N\u00edvel de confian\u00e7a: 95%. Margem de erro: 2 pontos percentuais. Registro no TSE sob o n\u00ba MG-01664\/2026.<\/p>\n<h4>Por que a Gazeta do Povo publica pesquisas eleitorais\u00a0\u00a0<\/h4>\n<p>A <strong>Gazeta do Povo<\/strong> publica h\u00e1 anos todas as pesquisas de inten\u00e7\u00e3o de voto realizadas pelos principais institutos de opini\u00e3o p\u00fablica do pa\u00eds. As pesquisas de inten\u00e7\u00e3o de voto fazem uma leitura de momento, com base em amostras representativas da popula\u00e7\u00e3o.<\/p>\n<p>M\u00e9todos de entrevistas, composi\u00e7\u00e3o e n\u00famero da amostra e at\u00e9 mesmo a forma como uma pergunta \u00e9 feita s\u00e3o fatores que podem influenciar no resultado. Por isso \u00e9 importante ficar atento \u00e0s informa\u00e7\u00f5es de metodologias, encontradas no fim das mat\u00e9rias da <strong>Gazeta do Povo<\/strong> sobre pesquisas eleitorais.<\/p>\n<p>Pesquisas publicadas nas elei\u00e7\u00f5es de 2022, por exemplo, apontaram discrep\u00e2ncias relevantes em rela\u00e7\u00e3o ao resultado apresentado na urna. Feitos esses apontamentos, a <strong>Gazeta do Povo<\/strong> considera que as pesquisas eleitorais, longe de serem uma previs\u00e3o do resultado das elei\u00e7\u00f5es, s\u00e3o uma ferramenta de informa\u00e7\u00e3o \u00e0 disposi\u00e7\u00e3o do leitor, j\u00e1 que os resultados divulgados t\u00eam potencial de influenciar decis\u00f5es de partidos, de lideran\u00e7as pol\u00edticas e at\u00e9 mesmo os humores do mercado financeiro.<\/p>\n<p>VEJA TAMB\u00c9M:<\/p>\n<\/div>","protected":false},"excerpt":{"rendered":"<p>O instituto AtlasIntel divulgou nesta quarta-feira (1\u00ba), uma pesquisa de inten\u00e7\u00f5es de voto para governador de Minas Gerais nas elei\u00e7\u00f5es&hellip;<\/p>\n","protected":false},"author":4,"featured_media":327062,"comment_status":"open","ping_status":"open","sticky":false,"template":"","format":"standard","meta":{"footnotes":""},"categories":[204],"tags":[],"class_list":["post-327061","post","type-post","status-publish","format-standard","has-post-thumbnail","hentry","category-ultimas-noticias"],"_links":{"self":[{"href":"https:\/\/villanews.com.br\/index.php?rest_route=\/wp\/v2\/posts\/327061","targetHints":{"allow":["GET"]}}],"collection":[{"href":"https:\/\/villanews.com.br\/index.php?rest_route=\/wp\/v2\/posts"}],"about":[{"href":"https:\/\/villanews.com.br\/index.php?rest_route=\/wp\/v2\/types\/post"}],"author":[{"embeddable":true,"href":"https:\/\/villanews.com.br\/index.php?rest_route=\/wp\/v2\/users\/4"}],"replies":[{"embeddable":true,"href":"https:\/\/villanews.com.br\/index.php?rest_route=%2Fwp%2Fv2%2Fcomments&post=327061"}],"version-history":[{"count":0,"href":"https:\/\/villanews.com.br\/index.php?rest_route=\/wp\/v2\/posts\/327061\/revisions"}],"wp:featuredmedia":[{"embeddable":true,"href":"https:\/\/villanews.com.br\/index.php?rest_route=\/wp\/v2\/media\/327062"}],"wp:attachment":[{"href":"https:\/\/villanews.com.br\/index.php?rest_route=%2Fwp%2Fv2%2Fmedia&parent=327061"}],"wp:term":[{"taxonomy":"category","embeddable":true,"href":"https:\/\/villanews.com.br\/index.php?rest_route=%2Fwp%2Fv2%2Fcategories&post=327061"},{"taxonomy":"post_tag","embeddable":true,"href":"https:\/\/villanews.com.br\/index.php?rest_route=%2Fwp%2Fv2%2Ftags&post=327061"}],"curies":[{"name":"wp","href":"https:\/\/api.w.org\/{rel}","templated":true}]}}