{"id":327059,"date":"2026-04-01T07:03:51","date_gmt":"2026-04-01T11:03:51","guid":{"rendered":"https:\/\/villanews.com.br\/?p=327059"},"modified":"2026-04-01T07:03:51","modified_gmt":"2026-04-01T11:03:51","slug":"parana-pesquisas-divulga-intencoes-de-voto-para-governador-e-senador-no-ceara","status":"publish","type":"post","link":"https:\/\/villanews.com.br\/?p=327059","title":{"rendered":"Paran\u00e1 Pesquisas divulga inten\u00e7\u00f5es de voto para governador e senador no Cear\u00e1"},"content":{"rendered":"<div class=\"postBody_post-body-container__1KhtH\">\n<p>O Paran\u00e1 Pesquisas divulgou nesta quarta-feira (1\u00ba) uma sondagem de inten\u00e7\u00f5es de voto para governador do Cear\u00e1 nas elei\u00e7\u00f5es de 2026. O instituto tamb\u00e9m ouviu os entrevistados sobre a disputa para o Senado no estado.<\/p>\n<p><strong>Ciro Gomes<\/strong> (PSDB) lidera o cen\u00e1rio estimulado, que tem <strong>Elmano de Freitas<\/strong> (PT) na segunda coloca\u00e7\u00e3o. Na simula\u00e7\u00e3o de segundo turno entre os dois, Ciro Gomes leva vantagem.<\/p>\n<p>Na disputa para as duas cadeiras do Senado, <strong>Capit\u00e3o Wagner<\/strong> (Uni\u00e3o Brasil) e <strong>Eun\u00edcio Oliveira<\/strong> (MDB) foram os mais citados pelos eleitores do Cear\u00e1.<\/p>\n<p>O instituto ainda perguntou aos entrevistados sobre a avalia\u00e7\u00e3o e a aprova\u00e7\u00e3o da atual gest\u00e3o de Elmano de Freitas no governo cearense.<\/p>\n<h2>Pesquisa para governador do Cear\u00e1 em 2026<\/h2>\n<p>O Paran\u00e1 Pesquisas fez pesquisa espont\u00e2nea (quando os nomes n\u00e3o s\u00e3o apresentados) e um cen\u00e1rio estimulado (quando s\u00e3o mostrados os nomes).<\/p>\n<h3>Ciro Gomes e Elmano de Freitas s\u00e3o os mais citados na pesquisa espont\u00e2nea<\/h3>\n<ul>\n<li>Ciro Gomes (PSDB):\u00a018,3%<\/li>\n<li>Elmano de Freitas (PT):\u00a014,1%<\/li>\n<li>Camilo Santana (PT):\u00a03,1%<\/li>\n<li>Eduardo Gir\u00e3o (Novo):\u00a01,1%<\/li>\n<li>Cid Gomes (PSB): 0,3%<\/li>\n<li>Professor Jarir Pereira (PSOL):\u00a00,1%<\/li>\n<li>Z\u00e9 Batista (PSTU): 0,1%<\/li>\n<li>Outros nomes citados:\u00a00,5%<\/li>\n<li>Nenhum\/Branco\/Nulo:\u00a04,5%<\/li>\n<li>N\u00e3o sabe\/N\u00e3o opinou:\u00a058,0%<\/li>\n<\/ul>\n<h3>Ciro Gomes lidera cen\u00e1rio estimulado<\/h3>\n<ul>\n<li>Ciro Gomes (PSDB):\u00a046,6%<\/li>\n<li>Elmano de Freitas (PT):\u00a033,9%<\/li>\n<li>Eduardo Gir\u00e3o (Novo):\u00a06,1%<\/li>\n<li>Z\u00e9 Batista (PSTU):\u00a00,9%<\/li>\n<li>Professor Jarir Pereira (PSOL): 0,5%<\/li>\n<li>Nenhum\/Branco\/Nulo:\u00a07,0%<\/li>\n<li>N\u00e3o sabe\/N\u00e3o opinou:\u00a04,9%<\/li>\n<\/ul>\n<h2>Segundo turno para governador do Cear\u00e1<\/h2>\n<p>O Paran\u00e1 Pesquisas simulou um eventual segundo turno entre Ciro Gomes e Elmano de Freitas.<\/p>\n<h3>Ciro Gomes x Elmano de Freitas<\/h3>\n<ul>\n<li>Ciro Gomes (PSDB):\u00a053,3%<\/li>\n<li>Elmano de Freitas (PT):\u00a036,4%<\/li>\n<li>Nenhum\/Branco\/Nulo:\u00a05,9%<\/li>\n<li>N\u00e3o sabe\/N\u00e3o opinou:\u00a04,4%<\/li>\n<\/ul>\n<h2>Pesquisa de avalia\u00e7\u00e3o e aprova\u00e7\u00e3o do governador do Cear\u00e1<\/h2>\n<p>O Paran\u00e1 Pesquisas quis saber dos eleitores o que pensam sobre a administra\u00e7\u00e3o do governador Elmano de Freitas.<\/p>\n<h3>Avalia\u00e7\u00e3o do governador fica majoritariamente entre regular e boa<\/h3>\n<ul>\n<li>\u00d3tima:\u00a014,5%<\/li>\n<li>Boa:\u00a026,1%<\/li>\n<li>Regular:\u00a024,7%<\/li>\n<li>Ruim:\u00a08,7%<\/li>\n<li>P\u00e9ssima:\u00a024,4%<\/li>\n<li>N\u00e3o sabe\/N\u00e3o opinou:\u00a01,7%<\/li>\n<\/ul>\n<h3>Aprova\u00e7\u00e3o de Elmano de Freitas passa de 50%<\/h3>\n<ul>\n<li>Aprova:\u00a054,1%<\/li>\n<li>Desaprova:\u00a042,5%<\/li>\n<li>N\u00e3o sabe\/N\u00e3o opinou:\u00a03,4%<\/li>\n<\/ul>\n<p>VEJA TAMB\u00c9M:<\/p>\n<h2>Pesquisa para o Senado pelo Cear\u00e1 em 2026<\/h2>\n<p>Para o Senado, o Paran\u00e1 Pesquisas fez pesquisa espont\u00e2nea (quando os nomes n\u00e3o s\u00e3o apresentados) e dois cen\u00e1rios estimulados (quando s\u00e3o mostrados os nomes).<\/p>\n<h3>Maioria n\u00e3o sabe em quem votar na pesquisa espont\u00e2nea<\/h3>\n<ul>\n<li>Capit\u00e3o Wagner (Uni\u00e3o Brasil): 3,8%<\/li>\n<li>Eun\u00edcio Oliveira (MDB):\u00a02,5%<\/li>\n<li>Guimar\u00e3es do PT (PT): 1,9%<\/li>\n<li>Alcides Fernandes (PL):\u00a01,7%<\/li>\n<li>Luizianne Lins (PT): 1,4%<\/li>\n<li>J\u00fanior Mano (PSB):\u00a01,3%<\/li>\n<li>Camilo Santana (PT):\u00a00,9%<\/li>\n<li>Eduardo Gir\u00e3o (Novo): 0,9%<\/li>\n<li>Cid Gomes (PSB):\u00a00,6%<\/li>\n<li>Chiquinho Feitosa (Republicanos):\u00a00,3%<\/li>\n<li>Moses Rodrigues: 0,3%<\/li>\n<li>Priscila Costa (PL):\u00a00,2%<\/li>\n<li>General Theophilo (Novo):\u00a00,1%<\/li>\n<li>Professora Anna Karina (PSOL):\u00a00,1%<\/li>\n<li>Outros nomes citados:\u00a00,9%<\/li>\n<li>Nenhum\/Branco\/Nulo:\u00a06,4%<\/li>\n<li>N\u00e3o sabe\/N\u00e3o opinou:\u00a076,9%<\/li>\n<\/ul>\n<h3>Capit\u00e3o Wagner e Eun\u00edcio Oliveira est\u00e3o na frente no primeiro cen\u00e1rio estimulado<\/h3>\n<ul>\n<li>Capit\u00e3o Wagner (Uni\u00e3o Brasil):\u00a047,1%<\/li>\n<li>Eun\u00edcio Oliveira (MDB):\u00a032,1%<\/li>\n<li>Luizianne Lins (PT):\u00a026,3%<\/li>\n<li>Alcides Fernandes (PL):\u00a014,9%<\/li>\n<li>J\u00fanior Mano (PSB):\u00a011,8%<\/li>\n<li>Professora Anna Karina (PSOL):\u00a06,9%<\/li>\n<li>General Theophilo (Novo):\u00a04,9<\/li>\n<li>Professor Germano Lima (PSOL): 2,9%<\/li>\n<li>Nenhum\/Branco\/Nulo:\u00a09,4%<\/li>\n<li>N\u00e3o sabe\/N\u00e3o opinou:\u00a05,4%<\/li>\n<\/ul>\n<p><em>*Cada entrevistado poderia citar at\u00e9 dois candidatos<\/em><\/p>\n<h3>No segundo cen\u00e1rio, situa\u00e7\u00e3o se repete<\/h3>\n<ul>\n<li>Capit\u00e3o Wagner (Uni\u00e3o Brasil):\u00a047,8%<\/li>\n<li>Eun\u00edcio Oliveira (MDB):\u00a032,3%<\/li>\n<li>Guimar\u00e3es do PT (PT):\u00a017,1%<\/li>\n<li>Alcides Fernandes (PL):\u00a015,5%<\/li>\n<li>J\u00fanior Mano (PSB):\u00a011,8%<\/li>\n<li>Professora Anna Karina (PSOL):\u00a07,2%<\/li>\n<li>Chiquinho Feitosa (Republicanos):\u00a05,8%<\/li>\n<li>General Theophilo (Novo):\u00a04,9%<\/li>\n<li>Professor Germano Lima (PSOL): 3,4%<\/li>\n<li>Nenhum\/Branco\/Nulo:\u00a010,3%<\/li>\n<li>N\u00e3o sabe\/N\u00e3o opinou:\u00a04,7%<\/li>\n<\/ul>\n<p><em>*Cada entrevistado poderia citar at\u00e9 dois candidatos<\/em><\/p>\n<h2>Rejei\u00e7\u00e3o aos poss\u00edveis candidatos ao Senado pelo Cear\u00e1<\/h2>\n<p>O Paran\u00e1 Pesquisas perguntou aos eleitores em quem n\u00e3o votaria de jeito nenhum.<\/p>\n<ul>\n<li>Capit\u00e3o Wagner (Uni\u00e3o Brasil):\u00a022,9%<\/li>\n<li>Guimar\u00e3es do PT (PT):\u00a020,3%<\/li>\n<li>Luizianne Lins (PT):\u00a016,3%<\/li>\n<li>Eun\u00edcio Oliveira (MDB):\u00a014,2%<\/li>\n<li>J\u00fanior Mano (PSB):\u00a09,0%<\/li>\n<li>Alcides Fernandes (PL):\u00a08,7%<\/li>\n<li>Chiquinho Feitosa (Republicanos):\u00a08,6%<\/li>\n<li>General Theophilo (Novo):\u00a08,1%<\/li>\n<li>Professora Anna Karina (PSOL):\u00a06,8%<\/li>\n<li>Professor Germano Lima (PSOL): 5,7%<\/li>\n<li>Poderia votar em todos: 11,5%<\/li>\n<li>N\u00e3o sabe\/N\u00e3o respondeu:\u00a015,8%<\/li>\n<\/ul>\n<p><strong>Metodologia<\/strong>: 1.500 entrevistados pelo Paran\u00e1 Pesquisas entre os dias 26 e 30 de mar\u00e7o de 2026. A pesquisa foi contratada pela Don7 Media Ltda. N\u00edvel de confian\u00e7a: 95%. Margem de erro: 2,6 pontos percentuais. Registro no TSE sob o n\u00ba CE-00151\/2026.<\/p>\n<h4>Por que a Gazeta do Povo publica pesquisas eleitorais\u00a0\u00a0<\/h4>\n<p>A <strong>Gazeta do Povo<\/strong> publica h\u00e1 anos todas as pesquisas de inten\u00e7\u00e3o de voto realizadas pelos principais institutos de opini\u00e3o p\u00fablica do pa\u00eds. As pesquisas de inten\u00e7\u00e3o de voto fazem uma leitura de momento, com base em amostras representativas da popula\u00e7\u00e3o.<\/p>\n<p>M\u00e9todos de entrevistas, composi\u00e7\u00e3o e n\u00famero da amostra e at\u00e9 mesmo a forma como uma pergunta \u00e9 feita s\u00e3o fatores que podem influenciar no resultado. Por isso \u00e9 importante ficar atento \u00e0s informa\u00e7\u00f5es de metodologias, encontradas no fim das mat\u00e9rias da <strong>Gazeta do Povo<\/strong> sobre pesquisas eleitorais.<\/p>\n<p>Pesquisas publicadas nas elei\u00e7\u00f5es de 2022, por exemplo, apontaram discrep\u00e2ncias relevantes em rela\u00e7\u00e3o ao resultado apresentado na urna. Feitos esses apontamentos, a <strong>Gazeta do Povo<\/strong> considera que as pesquisas eleitorais, longe de serem uma previs\u00e3o do resultado das elei\u00e7\u00f5es, s\u00e3o uma ferramenta de informa\u00e7\u00e3o \u00e0 disposi\u00e7\u00e3o do leitor, j\u00e1 que os resultados divulgados t\u00eam potencial de influenciar decis\u00f5es de partidos, de lideran\u00e7as pol\u00edticas e at\u00e9 mesmo os humores do mercado financeiro.<\/p>\n<p>VEJA TAMB\u00c9M:<\/p>\n<\/div>","protected":false},"excerpt":{"rendered":"<p>O Paran\u00e1 Pesquisas divulgou nesta quarta-feira (1\u00ba) uma sondagem de inten\u00e7\u00f5es de voto para governador do Cear\u00e1 nas elei\u00e7\u00f5es de&hellip;<\/p>\n","protected":false},"author":4,"featured_media":327060,"comment_status":"open","ping_status":"open","sticky":false,"template":"","format":"standard","meta":{"footnotes":""},"categories":[204],"tags":[],"class_list":["post-327059","post","type-post","status-publish","format-standard","has-post-thumbnail","hentry","category-ultimas-noticias"],"_links":{"self":[{"href":"https:\/\/villanews.com.br\/index.php?rest_route=\/wp\/v2\/posts\/327059","targetHints":{"allow":["GET"]}}],"collection":[{"href":"https:\/\/villanews.com.br\/index.php?rest_route=\/wp\/v2\/posts"}],"about":[{"href":"https:\/\/villanews.com.br\/index.php?rest_route=\/wp\/v2\/types\/post"}],"author":[{"embeddable":true,"href":"https:\/\/villanews.com.br\/index.php?rest_route=\/wp\/v2\/users\/4"}],"replies":[{"embeddable":true,"href":"https:\/\/villanews.com.br\/index.php?rest_route=%2Fwp%2Fv2%2Fcomments&post=327059"}],"version-history":[{"count":0,"href":"https:\/\/villanews.com.br\/index.php?rest_route=\/wp\/v2\/posts\/327059\/revisions"}],"wp:featuredmedia":[{"embeddable":true,"href":"https:\/\/villanews.com.br\/index.php?rest_route=\/wp\/v2\/media\/327060"}],"wp:attachment":[{"href":"https:\/\/villanews.com.br\/index.php?rest_route=%2Fwp%2Fv2%2Fmedia&parent=327059"}],"wp:term":[{"taxonomy":"category","embeddable":true,"href":"https:\/\/villanews.com.br\/index.php?rest_route=%2Fwp%2Fv2%2Fcategories&post=327059"},{"taxonomy":"post_tag","embeddable":true,"href":"https:\/\/villanews.com.br\/index.php?rest_route=%2Fwp%2Fv2%2Ftags&post=327059"}],"curies":[{"name":"wp","href":"https:\/\/api.w.org\/{rel}","templated":true}]}}