{"id":327045,"date":"2026-04-01T06:51:37","date_gmt":"2026-04-01T10:51:37","guid":{"rendered":"https:\/\/villanews.com.br\/?p=327045"},"modified":"2026-04-01T06:51:37","modified_gmt":"2026-04-01T10:51:37","slug":"ira-rebate-trump-e-diz-estar-preparado-para-pelo-menos-seis-meses-de-guerra","status":"publish","type":"post","link":"https:\/\/villanews.com.br\/?p=327045","title":{"rendered":"Ir\u00e3 rebate Trump e diz estar preparado para \u201cpelo menos\u201d seis meses de guerra"},"content":{"rendered":"<div class=\"postBody_post-body-container__1KhtH\">\n<p>O regime do Ir\u00e3 afirmou nesta ter\u00e7a-feira (31) que est\u00e1 preparado para \u201cpelo menos seis meses\u201d de guerra contra Israel e Estados Unidos, ap\u00f3s o presidente americano, Donald Trump, <a href=\"https:\/\/www.gazetadopovo.com.br\/mundo\/trump-diz-que-alcancou-o-objetivo-dos-eua-e-que-guerra-contra-o-ira-pode-acabar-em-ate-3-semanas\/\">ter afirmado que o conflito pode terminar dentro de tr\u00eas semanas<\/a>.<\/p>\n<p>A estimativa foi apresentada pelo ministro das Rela\u00e7\u00f5es Exteriores iraniano, Abbas Araghchi, em entrevista \u00e0 emissora Al Jazeera.<\/p>\n<p>\u201cN\u00e3o estabelecemos prazos para nos defendermos. Defenderemos nosso pa\u00eds e nosso povo o quanto for necess\u00e1rio e por todos os meios exigidos\u201d, disse o chanceler.<\/p>\n<p>\u201cN\u00e3o importa quais prazos nossos inimigos estabele\u00e7am para si mesmos. No entanto, nossa recomenda\u00e7\u00e3o \u00e9 que eles encerrem esta guerra de forma completa e permanente antes de sofrerem mais danos\u201d, disse Araghchi.<\/p>\n<p>Na ter\u00e7a-feira, em entrevista coletiva, Trump disse que o objetivo principal de impedir que o Ir\u00e3 obtenha uma arma nuclear j\u00e1 teria sido atingido e que o encerramento do conflito pode ocorrer \u201cdentro de duas semanas, talvez duas semanas, talvez tr\u00eas\u201d.<\/p>\n<p>O presidente americano afirmou que \u201co Ir\u00e3 n\u00e3o precisa fazer um acordo\u201d para que a guerra, iniciada em 28 de fevereiro, chegue ao fim.<\/p>\n<p>Na entrevista \u00e0 Al Jazeera, Araghchi voltou a argumentar que Teer\u00e3 n\u00e3o est\u00e1 em negocia\u00e7\u00f5es diretas com os EUA, mas afirmou que o regime recebeu mensagens de Steve Witkoff, enviado de Trump para o Oriente M\u00e9dio, e est\u00e1 se comunicando por intermedi\u00e1rios.<\/p>\n<p>\u201cNegocia\u00e7\u00e3o \u00e9 quando dois pa\u00edses se envolvem em conversas para chegar a um acordo, e isso n\u00e3o existe entre n\u00f3s e os Estados Unidos\u201d, disse o chanceler iraniano.<\/p>\n<p>VEJA TAMB\u00c9M:<\/p>\n<\/div>","protected":false},"excerpt":{"rendered":"<p>O regime do Ir\u00e3 afirmou nesta ter\u00e7a-feira (31) que est\u00e1 preparado para \u201cpelo menos seis meses\u201d de guerra contra Israel&hellip;<\/p>\n","protected":false},"author":4,"featured_media":327046,"comment_status":"open","ping_status":"open","sticky":false,"template":"","format":"standard","meta":{"footnotes":""},"categories":[204],"tags":[],"class_list":["post-327045","post","type-post","status-publish","format-standard","has-post-thumbnail","hentry","category-ultimas-noticias"],"_links":{"self":[{"href":"https:\/\/villanews.com.br\/index.php?rest_route=\/wp\/v2\/posts\/327045","targetHints":{"allow":["GET"]}}],"collection":[{"href":"https:\/\/villanews.com.br\/index.php?rest_route=\/wp\/v2\/posts"}],"about":[{"href":"https:\/\/villanews.com.br\/index.php?rest_route=\/wp\/v2\/types\/post"}],"author":[{"embeddable":true,"href":"https:\/\/villanews.com.br\/index.php?rest_route=\/wp\/v2\/users\/4"}],"replies":[{"embeddable":true,"href":"https:\/\/villanews.com.br\/index.php?rest_route=%2Fwp%2Fv2%2Fcomments&post=327045"}],"version-history":[{"count":0,"href":"https:\/\/villanews.com.br\/index.php?rest_route=\/wp\/v2\/posts\/327045\/revisions"}],"wp:featuredmedia":[{"embeddable":true,"href":"https:\/\/villanews.com.br\/index.php?rest_route=\/wp\/v2\/media\/327046"}],"wp:attachment":[{"href":"https:\/\/villanews.com.br\/index.php?rest_route=%2Fwp%2Fv2%2Fmedia&parent=327045"}],"wp:term":[{"taxonomy":"category","embeddable":true,"href":"https:\/\/villanews.com.br\/index.php?rest_route=%2Fwp%2Fv2%2Fcategories&post=327045"},{"taxonomy":"post_tag","embeddable":true,"href":"https:\/\/villanews.com.br\/index.php?rest_route=%2Fwp%2Fv2%2Ftags&post=327045"}],"curies":[{"name":"wp","href":"https:\/\/api.w.org\/{rel}","templated":true}]}}