{"id":327043,"date":"2026-04-01T05:40:10","date_gmt":"2026-04-01T09:40:10","guid":{"rendered":"https:\/\/villanews.com.br\/?p=327043"},"modified":"2026-04-01T05:40:10","modified_gmt":"2026-04-01T09:40:10","slug":"veja-as-48-selecoes-classificadas-e-como-ficaram-os-grupos-da-copa","status":"publish","type":"post","link":"https:\/\/villanews.com.br\/?p=327043","title":{"rendered":"Veja as 48 sele\u00e7\u00f5es classificadas e como ficaram os grupos da Copa"},"content":{"rendered":"<div class=\"article-content mb-24 font-slab text-paragraph font-light\">\n<p><span>O<\/span> Iraque garantiu, na madrugada desta ter\u00e7a para quarta-feira, a \u00faltima vaga para a Copa do Mundo de 2026 ao vencer a Bol\u00edvia por 2 a 1, no Estadio BBVA Bancomer, em Monterrey, no M\u00e9xico, no \u00faltimo jogo dos playoffs intercontinentais.<\/p>\n<p>                                                        \u00a0<\/p>\n<p>Ali Al-Hamadi abriu o placar para a sele\u00e7\u00e3o asi\u00e1tica logo aos dez minutos, mas Mois\u00e9s Paniagua empatou ainda no primeiro tempo. Na etapa final, Ayman Hussein marcou aos 53 minutos e definiu a vit\u00f3ria que confirmou a classifica\u00e7\u00e3o.<\/p>\n<p>Antes disso, a Rep\u00fablica Democr\u00e1tica do Congo tamb\u00e9m havia assegurado vaga ao vencer a Jamaica por 1 a 0, na prorroga\u00e7\u00e3o, em Guadalajara. Nos demais confrontos da repescagem, avan\u00e7aram B\u00f3snia e Herzegovina, que eliminou a It\u00e1lia nos p\u00eanaltis, al\u00e9m de Su\u00e9cia, Turquia e Rep\u00fablica Tcheca.<\/p>\n<p>O Mundial de 2026 ser\u00e1 disputado entre 11 de junho e 19 de julho, com organiza\u00e7\u00e3o conjunta de Estados Unidos, Canad\u00e1 e M\u00e9xico. Esta ser\u00e1 a primeira edi\u00e7\u00e3o com 48 sele\u00e7\u00f5es.<\/p>\n<p>Assim ficaram os grupos da Copa do Mundo 2026:<\/p>\n<p>Grupo A: \u00c1frica do Sul, M\u00e9xico, Coreia do Sul e Rep\u00fablica Tcheca<\/p>\n<p>Grupo B: Su\u00ed\u00e7a, Catar, Canad\u00e1 e B\u00f3snia e Herzegovina<\/p>\n<p>Grupo C: Marrocos, Haiti, Esc\u00f3cia e Brasil<\/p>\n<p>Grupo D: Paraguai, Estados Unidos, Austr\u00e1lia e Turquia<\/p>\n<p>Grupo E: Equador, Cura\u00e7ao, Costa do Marfim e Alemanha<\/p>\n<p>Grupo F: Tun\u00edsia, Pa\u00edses Baixos, Jap\u00e3o e Su\u00e9cia<\/p>\n<p>Grupo G: Nova Zel\u00e2ndia, Ir\u00e3, Egito e B\u00e9lgica<\/p>\n<p>Grupo H: Uruguai, Espanha, Cabo Verde e Ar\u00e1bia Saudita<\/p>\n<p>Grupo I: Senegal, Noruega, Fran\u00e7a e Iraque<\/p>\n<p>Grupo J: \u00c1ustria, Jord\u00e2nia, Arg\u00e9lia e Argentina<\/p>\n<p>Grupo K: Uzbequist\u00e3o, Portugal, Col\u00f4mbia e Rep\u00fablica Democr\u00e1tica do Congo<\/p>\n<p>Grupo L: Panam\u00e1, Inglaterra, Gana e Cro\u00e1cia<\/p>\n<p>O Brasil est\u00e1 no Grupo C, ao lado de Marrocos, Esc\u00f3cia e Haiti, e j\u00e1 tem seu caminho definido na competi\u00e7\u00e3o.<\/p>\n<p><span>Grupo e jogos do Brasil na Copa do Mundo 2026<\/span><\/p>\n<p>Grupo C: Brasil, Marrocos, Haiti e Esc\u00f3cia<\/p>\n<p>1\u00aa rodada \u2013 13 de junho, \u00e0s 19h<\/p>\n<p>Brasil x Marrocos \u2013 Nova York\/Nova Jersey (MetLife Stadium)<\/p>\n<p>2\u00aa rodada \u2013 19 de junho, \u00e0s 22h<\/p>\n<p>Brasil x Haiti \u2013 Filad\u00e9lfia (Lincoln Financial Field)<\/p>\n<p>3\u00aa rodada \u2013 24 de junho, \u00e0s 19h<\/p>\n<p>Esc\u00f3cia x Brasil \u2013 Miami (Hard Rock Stadium)<\/p>\n<p>Durante a Copa, a sele\u00e7\u00e3o brasileira ficar\u00e1 hospedada em Nova Jersey e treinar\u00e1 no CT Columbia Park, em Morristown. O local pertence ao New York Red Bulls e fica a cerca de 15 minutos do hotel da delega\u00e7\u00e3o.<\/p>\n<p>Caso avance, o Brasil enfrentar\u00e1 equipes do Grupo F na fase seguinte, que re\u00fane Pa\u00edses Baixos, Jap\u00e3o, Tun\u00edsia e uma sele\u00e7\u00e3o vinda da repescagem europeia.<\/p>\n<p>A sele\u00e7\u00e3o brasileira, \u00fanica presente em todas as edi\u00e7\u00f5es do Mundial, busca o hexacampeonato. O \u00faltimo t\u00edtulo foi conquistado em 2002.<br \/>\u00a0<br \/>\u00a0<\/p>\n<p><img decoding=\"async\" src=\"https:\/\/media-manager.noticiasaominuto.com\/640\/naom_69ccb49ed7e71.jpg?crop_params=eyJsYW5kc2NhcGUiOnsiY3JvcFdpZHRoIjoyNTYwLCJjcm9wSGVpZ2h0IjoxNDQwLCJjcm9wWCI6MCwiY3JvcFkiOjMxfX0=\" \/><\/p>\n<h2><a href=\"https:\/\/www.noticiasaominuto.com.br\/esporte\/2371669\/casemiro-revela-elogio-de-modric-a-selecao-e-cita-resiliencia-no-ciclo-inumeras-dificuldades\"> Casemiro revela elogio de Modric \u00e0 sele\u00e7\u00e3o e cita resili\u00eancia no ciclo: &#8216;In\u00fameras dificuldades&#8217; <\/a><\/h2>\n<p>Volante conta que ouviu do croata que a sele\u00e7\u00e3o \u00e9 \u201cforte\u201d e valoriza evolu\u00e7\u00e3o da equipe. Jogadores destacam uni\u00e3o do grupo e disputa por vagas, enquanto comiss\u00e3o t\u00e9cnica define lista final para a Copa do Mundo<\/p>\n<p><small> Estadao Conteudo | 04:00 &#8211; 01\/04\/2026 <\/small><\/p>\n<\/div>","protected":false},"excerpt":{"rendered":"<p>O Iraque garantiu, na madrugada desta ter\u00e7a para quarta-feira, a \u00faltima vaga para a Copa do Mundo de 2026 ao&hellip;<\/p>\n","protected":false},"author":4,"featured_media":327044,"comment_status":"open","ping_status":"open","sticky":false,"template":"","format":"standard","meta":{"footnotes":""},"categories":[6],"tags":[],"class_list":["post-327043","post","type-post","status-publish","format-standard","has-post-thumbnail","hentry","category-esportes"],"_links":{"self":[{"href":"https:\/\/villanews.com.br\/index.php?rest_route=\/wp\/v2\/posts\/327043","targetHints":{"allow":["GET"]}}],"collection":[{"href":"https:\/\/villanews.com.br\/index.php?rest_route=\/wp\/v2\/posts"}],"about":[{"href":"https:\/\/villanews.com.br\/index.php?rest_route=\/wp\/v2\/types\/post"}],"author":[{"embeddable":true,"href":"https:\/\/villanews.com.br\/index.php?rest_route=\/wp\/v2\/users\/4"}],"replies":[{"embeddable":true,"href":"https:\/\/villanews.com.br\/index.php?rest_route=%2Fwp%2Fv2%2Fcomments&post=327043"}],"version-history":[{"count":0,"href":"https:\/\/villanews.com.br\/index.php?rest_route=\/wp\/v2\/posts\/327043\/revisions"}],"wp:featuredmedia":[{"embeddable":true,"href":"https:\/\/villanews.com.br\/index.php?rest_route=\/wp\/v2\/media\/327044"}],"wp:attachment":[{"href":"https:\/\/villanews.com.br\/index.php?rest_route=%2Fwp%2Fv2%2Fmedia&parent=327043"}],"wp:term":[{"taxonomy":"category","embeddable":true,"href":"https:\/\/villanews.com.br\/index.php?rest_route=%2Fwp%2Fv2%2Fcategories&post=327043"},{"taxonomy":"post_tag","embeddable":true,"href":"https:\/\/villanews.com.br\/index.php?rest_route=%2Fwp%2Fv2%2Ftags&post=327043"}],"curies":[{"name":"wp","href":"https:\/\/api.w.org\/{rel}","templated":true}]}}