{"id":327041,"date":"2026-04-01T06:00:46","date_gmt":"2026-04-01T10:00:46","guid":{"rendered":"https:\/\/villanews.com.br\/?p=327041"},"modified":"2026-04-01T06:00:46","modified_gmt":"2026-04-01T10:00:46","slug":"o-sonho-acabou-para-eles-veja-os-craques-que-vao-assistir-a-copa-pela-tv","status":"publish","type":"post","link":"https:\/\/villanews.com.br\/?p=327041","title":{"rendered":"O sonho acabou para eles: veja os craques que v\u00e3o assistir \u00e0 Copa pela TV"},"content":{"rendered":"<div class=\"text-darkgray lg:w-2\/3\">\n<h2>Grandes sele\u00e7\u00f5es ficaram fora da Copa do Mundo de 2026 ap\u00f3s os playoffs e levaram com elas nomes conhecidos do futebol europeu. Aus\u00eancias de peso chamam aten\u00e7\u00e3o e mudam o cen\u00e1rio da competi\u00e7\u00e3o, que ser\u00e1 disputada por 48 equipes<\/h2>\n<p><img decoding=\"async\" src=\"https:\/\/media-manager.noticiasaominuto.com.br\/960\/naom_69ccc10593cee.webp\" \/><\/p>\n<p><img \/><\/p>\n<p><img decoding=\"async\" src=\"https:\/\/noticiasaominutobr-img.com\/icons\/arrow.svg\" \/><br \/>\n<img decoding=\"async\" src=\"https:\/\/noticiasaominutobr-img.com\/icons\/arrow.svg\" \/><\/p>\n<p><img decoding=\"async\" src=\"https:\/\/noticiasaominutobr-img.com\/icons\/gallery_image_dark.svg\" \/><\/p>\n<p>\n                    12 Fotos\n                <\/p>\n<p><a href=\"https:\/\/www.noticiasaominuto.com.br\/\"><br \/>\n<img decoding=\"async\" src=\"https:\/\/noticiasaominutobr-img.com\/logos\/logonoticias.svg\" \/><br \/>\n<\/a><\/p>\n<p><img \/><\/p>\n<p><img decoding=\"async\" src=\"https:\/\/noticiasaominutobr-img.com\/icons\/gallery_image.svg\" \/><\/p>\n<p>\u00a9 Getty Images<\/p>\n<p><img decoding=\"async\" src=\"https:\/\/noticiasaominutobr-img.com\/team\/naom.png\" \/><\/p>\n<p><span><br \/>\n                    01\/04\/2026 07:00 \u2027<br \/>\n                    h\u00e1 1 hora<br \/>\n                    por Not\u00edcias ao Minuto<br \/>\n                <\/span><\/p>\n<p>\n                        Esporte\n                    <\/p>\n<p>\n<a href=\"https:\/\/www.noticiasaominuto.com.br\/mundo\/tag\/fotogaleria\"><br \/>\n                                Fotogaleria<br \/>\n                            <\/a>\n<\/p>\n<div class=\"article-content mb-24 font-slab text-paragraph font-light\">\n<p><span>C<\/span>om as 48 sele\u00e7\u00f5es j\u00e1 definidas, a Copa do Mundo de 2026 tamb\u00e9m tem uma lista de aus\u00eancias de peso. Equipes tradicionais ficaram pelo caminho nos playoffs e n\u00e3o estar\u00e3o no torneio que ser\u00e1 disputado nos Estados Unidos, Canad\u00e1 e M\u00e9xico.<\/p>\n<p>                                                        \u00a0<\/p>\n<p>Entre os principais destaques est\u00e3o sele\u00e7\u00f5es como It\u00e1lia, Dinamarca e Pol\u00f4nia, al\u00e9m de outras que tamb\u00e9m ficaram fora, como Camar\u00f5es, Chile, Nig\u00e9ria e Ucr\u00e2nia.<\/p>\n<p>A aus\u00eancia dessas equipes tamb\u00e9m significa que v\u00e1rios jogadores conhecidos do futebol europeu n\u00e3o disputar\u00e3o a Copa, incluindo nomes que atuam em grandes clubes.<\/p>\n<p><span>Confira a galeria e veja quais sele\u00e7\u00f5es e jogadores importantes ficaram fora da Copa do Mundo de 2026.<\/span><\/p>\n<p><img decoding=\"async\" src=\"https:\/\/media-manager.noticiasaominuto.com\/640\/naom_69ccb36ea8ebe.jpg\" \/><\/p>\n<h2><a href=\"https:\/\/www.noticiasaominuto.com.br\/esporte\/2371670\/ancelotti-elogia-atuacao-do-brasil-e-exalta-desempenho-de-novos-jogadores-duvidas-aumentaram\"> Ancelotti elogia atua\u00e7\u00e3o do Brasil e exalta desempenho de novos jogadores: &#8216;D\u00favidas aumentaram&#8217; <\/a><\/h2>\n<p>T\u00e9cnico destaca desempenho de novos convocados ap\u00f3s vit\u00f3ria sobre a Cro\u00e1cia e afirma que atua\u00e7\u00e3o refor\u00e7a disputa por vagas. Comiss\u00e3o avalia elenco antes da convoca\u00e7\u00e3o final para a Copa do Mundo, que ser\u00e1 anunciada em maio<\/p>\n<p><small> Estadao Conteudo | 05:10 &#8211; 01\/04\/2026 <\/small><\/p>\n<\/div>\n<p>\n            Partilhe a not\u00edcia\n        <\/p>\n<\/div>","protected":false},"excerpt":{"rendered":"<p>Grandes sele\u00e7\u00f5es ficaram fora da Copa do Mundo de 2026 ap\u00f3s os playoffs e levaram com elas nomes conhecidos do&hellip;<\/p>\n","protected":false},"author":4,"featured_media":327042,"comment_status":"open","ping_status":"open","sticky":false,"template":"","format":"standard","meta":{"footnotes":""},"categories":[6],"tags":[],"class_list":["post-327041","post","type-post","status-publish","format-standard","has-post-thumbnail","hentry","category-esportes"],"_links":{"self":[{"href":"https:\/\/villanews.com.br\/index.php?rest_route=\/wp\/v2\/posts\/327041","targetHints":{"allow":["GET"]}}],"collection":[{"href":"https:\/\/villanews.com.br\/index.php?rest_route=\/wp\/v2\/posts"}],"about":[{"href":"https:\/\/villanews.com.br\/index.php?rest_route=\/wp\/v2\/types\/post"}],"author":[{"embeddable":true,"href":"https:\/\/villanews.com.br\/index.php?rest_route=\/wp\/v2\/users\/4"}],"replies":[{"embeddable":true,"href":"https:\/\/villanews.com.br\/index.php?rest_route=%2Fwp%2Fv2%2Fcomments&post=327041"}],"version-history":[{"count":0,"href":"https:\/\/villanews.com.br\/index.php?rest_route=\/wp\/v2\/posts\/327041\/revisions"}],"wp:featuredmedia":[{"embeddable":true,"href":"https:\/\/villanews.com.br\/index.php?rest_route=\/wp\/v2\/media\/327042"}],"wp:attachment":[{"href":"https:\/\/villanews.com.br\/index.php?rest_route=%2Fwp%2Fv2%2Fmedia&parent=327041"}],"wp:term":[{"taxonomy":"category","embeddable":true,"href":"https:\/\/villanews.com.br\/index.php?rest_route=%2Fwp%2Fv2%2Fcategories&post=327041"},{"taxonomy":"post_tag","embeddable":true,"href":"https:\/\/villanews.com.br\/index.php?rest_route=%2Fwp%2Fv2%2Ftags&post=327041"}],"curies":[{"name":"wp","href":"https:\/\/api.w.org\/{rel}","templated":true}]}}