{"id":327003,"date":"2026-04-01T06:30:39","date_gmt":"2026-04-01T10:30:39","guid":{"rendered":"https:\/\/villanews.com.br\/?p=327003"},"modified":"2026-04-01T06:30:39","modified_gmt":"2026-04-01T10:30:39","slug":"queda-de-aviao-militar-russo-na-crimeia-deixa-30-mortos","status":"publish","type":"post","link":"https:\/\/villanews.com.br\/?p=327003","title":{"rendered":"Queda de avi\u00e3o militar russo na Crimeia deixa 30 mortos"},"content":{"rendered":"<div class=\"postBody_post-body-container__1KhtH\">\n<p>A queda de um avi\u00e3o de transporte militar russo An-26 na Crimeia, pen\u00ednsula da Ucr\u00e2nia invadida pela R\u00fassia desde 2014, provocou a morte de ao menos 30 ocupantes da aeronave.<\/p>\n<p>Segundo informa\u00e7\u00f5es de ag\u00eancias russas e internacionais, a comunica\u00e7\u00e3o com o avi\u00e3o foi perdida por volta das 18h (hor\u00e1rio local, meio-dia de Bras\u00edlia) de ter\u00e7a-feira (31).<\/p>\n<p>As ag\u00eancias estatais Tass e RIA Novosti informaram que a aeronave de fabrica\u00e7\u00e3o sovi\u00e9tica caiu em um penhasco em uma regi\u00e3o montanhosa no distrito de Bakhchisarai. Segundo o Comit\u00ea de Investiga\u00e7\u00e3o da R\u00fassia, havia sete tripulantes e 23 passageiros a bordo. \u00a0<\/p>\n<p>Uma investiga\u00e7\u00e3o foi aberta; o Minist\u00e9rio da Defesa russo alegou que suspeita de falha t\u00e9cnica e descartou que a queda tenha sido provocada por um ataque da Ucr\u00e2nia, com quem os russos est\u00e3o em guerra desde 2022. \u201cN\u00e3o houve impacto externo contra o avi\u00e3o\u201d, afirmou o comando militar em comunicado.<\/p>\n<p>VEJA TAMB\u00c9M:<\/p>\n<\/div>","protected":false},"excerpt":{"rendered":"<p>A queda de um avi\u00e3o de transporte militar russo An-26 na Crimeia, pen\u00ednsula da Ucr\u00e2nia invadida pela R\u00fassia desde 2014,&hellip;<\/p>\n","protected":false},"author":4,"featured_media":327004,"comment_status":"open","ping_status":"open","sticky":false,"template":"","format":"standard","meta":{"footnotes":""},"categories":[204],"tags":[],"class_list":["post-327003","post","type-post","status-publish","format-standard","has-post-thumbnail","hentry","category-ultimas-noticias"],"_links":{"self":[{"href":"https:\/\/villanews.com.br\/index.php?rest_route=\/wp\/v2\/posts\/327003","targetHints":{"allow":["GET"]}}],"collection":[{"href":"https:\/\/villanews.com.br\/index.php?rest_route=\/wp\/v2\/posts"}],"about":[{"href":"https:\/\/villanews.com.br\/index.php?rest_route=\/wp\/v2\/types\/post"}],"author":[{"embeddable":true,"href":"https:\/\/villanews.com.br\/index.php?rest_route=\/wp\/v2\/users\/4"}],"replies":[{"embeddable":true,"href":"https:\/\/villanews.com.br\/index.php?rest_route=%2Fwp%2Fv2%2Fcomments&post=327003"}],"version-history":[{"count":0,"href":"https:\/\/villanews.com.br\/index.php?rest_route=\/wp\/v2\/posts\/327003\/revisions"}],"wp:featuredmedia":[{"embeddable":true,"href":"https:\/\/villanews.com.br\/index.php?rest_route=\/wp\/v2\/media\/327004"}],"wp:attachment":[{"href":"https:\/\/villanews.com.br\/index.php?rest_route=%2Fwp%2Fv2%2Fmedia&parent=327003"}],"wp:term":[{"taxonomy":"category","embeddable":true,"href":"https:\/\/villanews.com.br\/index.php?rest_route=%2Fwp%2Fv2%2Fcategories&post=327003"},{"taxonomy":"post_tag","embeddable":true,"href":"https:\/\/villanews.com.br\/index.php?rest_route=%2Fwp%2Fv2%2Ftags&post=327003"}],"curies":[{"name":"wp","href":"https:\/\/api.w.org\/{rel}","templated":true}]}}