{"id":326863,"date":"2026-04-01T05:00:00","date_gmt":"2026-04-01T09:00:00","guid":{"rendered":"https:\/\/villanews.com.br\/?p=326863"},"modified":"2026-04-01T05:00:00","modified_gmt":"2026-04-01T09:00:00","slug":"o-paradoxo-iraniano-no-oriente-medio","status":"publish","type":"post","link":"https:\/\/villanews.com.br\/?p=326863","title":{"rendered":"O paradoxo iraniano no Oriente M\u00e9dio"},"content":{"rendered":"<div class=\"postBody_post-body-container__1KhtH\">\n<p>O tabuleiro geopol\u00edtico do Oriente M\u00e9dio passou por profundas transforma\u00e7\u00f5es nos \u00faltimos anos, impulsionado por conflitos que envolveram diferentes movimentos pol\u00edticos isl\u00e2micos e o Estado de Israel. Desde os ataques do Hamas, em 7 de outubro de 2023, mudan\u00e7as sens\u00edveis ocorreram na regi\u00e3o. Ao anunciar uma forte resposta ao Hamas e a seus aliados, o governo de <a href=\"https:\/\/www.gazetadopovo.com.br\/tudo-sobre\/benjamin-netanyahu\/\">Benjamin Netanyahu<\/a> enfraqueceu um amplo arco de alian\u00e7as que tinha no Ir\u00e3 sua principal refer\u00eancia.<\/p>\n<p>A nova escalada de tens\u00f5es ocorre em um ambiente no qual diversos atores regionais e globais buscam redefinir o equil\u00edbrio de poder. A ofensiva inicial do Hamas pretendia provocar uma rea\u00e7\u00e3o militar israelense que, al\u00e9m de causar danos, comprometesse a imagem de Israel perante a comunidade internacional. A estrat\u00e9gia, por\u00e9m, n\u00e3o obteve o efeito desejado no que diz respeito \u00e0s a\u00e7\u00f5es conduzidas por Netanyahu.<\/p>\n<blockquote>\n<p> O debate central entre diplomatas e analistas concentra-se em at\u00e9 que ponto o enfraquecimento do poder iraniano poder\u00e1 desencadear o colapso do fr\u00e1gil equil\u00edbrio constru\u00eddo ap\u00f3s a redu\u00e7\u00e3o da influ\u00eancia de grupos radicais apoiados por Teer\u00e3<\/p>\n<\/blockquote>\n<p>Com o retorno de <a href=\"https:\/\/www.gazetadopovo.com.br\/tudo-sobre\/donald-trump\/\">Donald J. Trump<\/a> \u00e0 presid\u00eancia dos Estados Unidos, Washington e Tel Aviv refor\u00e7aram sua alian\u00e7a militar e diplom\u00e1tica. O governo israelense passou a agir com menor preocupa\u00e7\u00e3o diante da press\u00e3o internacional, priorizando o objetivo de enfraquecer ou desarticular a estrutura militar e pol\u00edtica do <a href=\"https:\/\/www.gazetadopovo.com.br\/tudo-sobre\/hamas\/\">Hamas<\/a>. Paralelamente, grupos aliados ao movimento \u2013 como o <a href=\"https:\/\/www.gazetadopovo.com.br\/tudo-sobre\/hezbollah\/\">Hezbollah<\/a>, no L\u00edbano, e os houthis, no I\u00eamen \u2013 intensificaram suas a\u00e7\u00f5es, sustentados pelo Ir\u00e3 por meio do fornecimento de armas, treinamento, intelig\u00eancia e coopera\u00e7\u00e3o estrat\u00e9gica.<\/p>\n<p>Diante desse cen\u00e1rio, Israel e Estados Unidos desenvolveram uma estrat\u00e9gia conjunta para atingir as principais lideran\u00e7as dessas organiza\u00e7\u00f5es, cuja hierarquia r\u00edgida as torna particularmente vulner\u00e1veis a ataques direcionados. V\u00e1rios comandantes foram eliminados por meio de tecnologia avan\u00e7ada \u2013 como beepers, armadilhas utilizadas no L\u00edbano \u2013 e por opera\u00e7\u00f5es de intelig\u00eancia que permitiram neutralizar os houthis no I\u00eamen.<\/p>\n<p>Em uma fase seguinte, a alian\u00e7a EUA\u2013Israel ampliou seu escopo e passou a atacar diretamente estruturas estrat\u00e9gicas do Ir\u00e3. As ofensivas enfraqueceram partes do programa nuclear iraniano e de seu aparato b\u00e9lico, agravando ainda mais a situa\u00e7\u00e3o interna de um pa\u00eds j\u00e1 pressionado por anos de san\u00e7\u00f5es internacionais. A alta generalizada de pre\u00e7os, a infla\u00e7\u00e3o crescente e a deteriora\u00e7\u00e3o das condi\u00e7\u00f5es de vida alimentaram protestos populares e ampliaram a rejei\u00e7\u00e3o ao regime iraniano, historicamente criticado por sua postura repressiva ao longo do s\u00e9culo XXI.<\/p>\n<p>O ponto de inflex\u00e3o desse processo reside justamente na deteriora\u00e7\u00e3o da imagem do governo iraniano perante sua popula\u00e7\u00e3o e no aumento da press\u00e3o norte-americana por uma poss\u00edvel mudan\u00e7a de regime. Contudo, o ritmo e os rumos dessa transforma\u00e7\u00e3o n\u00e3o dependem exclusivamente de Washington. O Oriente M\u00e9dio abriga pa\u00edses com lideran\u00e7as fortemente centralizadoras \u2013 como Turquia e Ar\u00e1bia Saudita \u2013, cujos interesses divergem dos iranianos, mas que tamb\u00e9m podem ser profundamente impactados por uma ruptura brusca na ordem regional.<\/p>\n<p>VEJA TAMB\u00c9M:<\/p>\n<p>Uma eventual queda do regime iraniano poderia desestabilizar alian\u00e7as, reacender conflitos e alterar a correla\u00e7\u00e3o de for\u00e7as entre m\u00faltiplos atores \u2013 de Israel ao Golfo, passando por Iraque, S\u00edria, L\u00edbano e I\u00eamen. A pr\u00f3pria S\u00edria vive um processo de reconfigura\u00e7\u00e3o pol\u00edtica apoiado pela Turquia; as monarquias da Pen\u00ednsula Ar\u00e1bica, lideradas pela Ar\u00e1bia Saudita, buscam ampliar sua influ\u00eancia; e Israel, sob Netanyahu, atravessa um per\u00edodo de forte centraliza\u00e7\u00e3o do poder. Esses elementos tornam ainda mais complexa a formula\u00e7\u00e3o de uma estrat\u00e9gia clara diante da Rep\u00fablica Isl\u00e2mica do Ir\u00e3.<\/p>\n<p>Assim, o debate central entre diplomatas e analistas concentra-se em at\u00e9 que ponto o enfraquecimento do poder iraniano poder\u00e1 desencadear o colapso do fr\u00e1gil equil\u00edbrio constru\u00eddo ap\u00f3s a redu\u00e7\u00e3o da influ\u00eancia de grupos radicais apoiados por Teer\u00e3. Os desdobramentos \u2013 tanto externos quanto internos \u2013 definir\u00e3o n\u00e3o apenas o futuro da pol\u00edtica regional, mas tamb\u00e9m o contorno de uma poss\u00edvel nova ordem no Oriente M\u00e9dio.<\/p>\n<p><em><strong>Victor Missiato,<\/strong> doutor em Hist\u00f3ria e analista pol\u00edtico, \u00e9 professor de Hist\u00f3ria do Col\u00e9gio Presbiteriano Mackenzie Tambor\u00e9.<\/em><\/p>\n<\/div>","protected":false},"excerpt":{"rendered":"<p>O tabuleiro geopol\u00edtico do Oriente M\u00e9dio passou por profundas transforma\u00e7\u00f5es nos \u00faltimos anos, impulsionado por conflitos que envolveram diferentes movimentos&hellip;<\/p>\n","protected":false},"author":4,"featured_media":326864,"comment_status":"open","ping_status":"open","sticky":false,"template":"","format":"standard","meta":{"footnotes":""},"categories":[204],"tags":[],"class_list":["post-326863","post","type-post","status-publish","format-standard","has-post-thumbnail","hentry","category-ultimas-noticias"],"_links":{"self":[{"href":"https:\/\/villanews.com.br\/index.php?rest_route=\/wp\/v2\/posts\/326863","targetHints":{"allow":["GET"]}}],"collection":[{"href":"https:\/\/villanews.com.br\/index.php?rest_route=\/wp\/v2\/posts"}],"about":[{"href":"https:\/\/villanews.com.br\/index.php?rest_route=\/wp\/v2\/types\/post"}],"author":[{"embeddable":true,"href":"https:\/\/villanews.com.br\/index.php?rest_route=\/wp\/v2\/users\/4"}],"replies":[{"embeddable":true,"href":"https:\/\/villanews.com.br\/index.php?rest_route=%2Fwp%2Fv2%2Fcomments&post=326863"}],"version-history":[{"count":0,"href":"https:\/\/villanews.com.br\/index.php?rest_route=\/wp\/v2\/posts\/326863\/revisions"}],"wp:featuredmedia":[{"embeddable":true,"href":"https:\/\/villanews.com.br\/index.php?rest_route=\/wp\/v2\/media\/326864"}],"wp:attachment":[{"href":"https:\/\/villanews.com.br\/index.php?rest_route=%2Fwp%2Fv2%2Fmedia&parent=326863"}],"wp:term":[{"taxonomy":"category","embeddable":true,"href":"https:\/\/villanews.com.br\/index.php?rest_route=%2Fwp%2Fv2%2Fcategories&post=326863"},{"taxonomy":"post_tag","embeddable":true,"href":"https:\/\/villanews.com.br\/index.php?rest_route=%2Fwp%2Fv2%2Ftags&post=326863"}],"curies":[{"name":"wp","href":"https:\/\/api.w.org\/{rel}","templated":true}]}}