{"id":326761,"date":"2026-04-01T02:30:45","date_gmt":"2026-04-01T06:30:45","guid":{"rendered":"https:\/\/villanews.com.br\/?p=326761"},"modified":"2026-04-01T02:30:45","modified_gmt":"2026-04-01T06:30:45","slug":"ancelotti-elogia-atuacao-do-brasil-e-exalta-desempenho-de-novos-jogadores-duvidas-aumentaram","status":"publish","type":"post","link":"https:\/\/villanews.com.br\/?p=326761","title":{"rendered":"Ancelotti elogia atua\u00e7\u00e3o do Brasil e exalta desempenho de novos jogadores: &#8216;D\u00favidas aumentaram&#8217;"},"content":{"rendered":"<div class=\"text-darkgray lg:w-2\/3\">\n<div>\n<h2>T\u00e9cnico destaca desempenho de novos convocados ap\u00f3s vit\u00f3ria sobre a Cro\u00e1cia e afirma que atua\u00e7\u00e3o refor\u00e7a disputa por vagas. Comiss\u00e3o avalia elenco antes da convoca\u00e7\u00e3o final para a Copa do Mundo, que ser\u00e1 anunciada em maio<\/h2>\n<\/div>\n<p><img decoding=\"async\" src=\"https:\/\/media-manager.noticiasaominuto.com.br\/960\/naom_69ccb36ea8ebe.webp\" \/><\/p>\n<p>\u00a9 Getty<\/p>\n<p><img decoding=\"async\" src=\"https:\/\/noticiasaominutobr-img.com\/team\/naom.png\" \/><\/p>\n<p><span><br \/>\n                    01\/04\/2026 03:30 \u2027<br \/>\n                    h\u00e1 1 hora<br \/>\n                    por Estadao Conteudo<br \/>\n                <\/span><\/p>\n<p>\n                        Esporte\n                    <\/p>\n<p>\n<a href=\"https:\/\/www.noticiasaominuto.com.br\/esporte\/tag\/selecao-brasileira\"><br \/>\n                                Sele\u00e7\u00e3o Brasileira<br \/>\n                            <\/a>\n<\/p>\n<div class=\"article-content mb-24 font-slab text-paragraph font-light\">\n<p><span>O<\/span> Brasil derrotou a Cro\u00e1cia por 3 a 1 nesta ter\u00e7a-feira, em amistoso realizado no Camping World Stadium, em Orlando, Estados Unidos. Depois da partida, o t\u00e9cnico Carlo Ancelotti falou sobre a atua\u00e7\u00e3o da equipe e elogiou o desempenho dos jogadores que foram novidades na convoca\u00e7\u00e3o para a Data Fifa de mar\u00e7o.<\/p>\n<p>                                                        \u00a0<\/p>\n<p>&#8220;O que me deixa mais satisfeito \u00e9 que os jogadores aproveitaram a oportunidade, aumenta a d\u00favida da lista definitiva, porque Igor Thiago foi muito bem, L\u00e9o Pereira bem, Danilo bem, Endrick, muito bem, Kaiki&#8230; todos contribu\u00edram e isso \u00e9 um sinal positivo&#8221;, explicou o italiano.<\/p>\n<p>No jogo, Danilo, Igor Thiago e Gabriel Martinelli balan\u00e7aram as redes no triunfo brasileiro na Fl\u00f3rida. Do outro lado, Lovro Majer descontou a favor dos croatas.<\/p>\n<p>Ancelotti tamb\u00e9m esclareceu o momento da cobran\u00e7a de p\u00eanalti que resultou no segundo gol da sele\u00e7\u00e3o brasileira. Endrick sofreu a penalidade, pegou a bola e entregou nas m\u00e3os de Igor, que acabou vaiado pela torcida presente em Orlando.<\/p>\n<p>&#8220;Quem teria que cobrar o p\u00eanalti era Matheus Cunha, depois quando ele saiu&#8230; Igor Thiago \u00e9 muito bom cobrador. Treinamos ontem os p\u00eanaltis, ele bateu muito bem&#8221;, disse o treinador.<\/p>\n<p>O Brasil retorna aos gramados somente no dia 31 de maio, quando enfrenta o Panam\u00e1 no Maracan\u00e3, j\u00e1 com a delega\u00e7\u00e3o que ir\u00e1 para a Copa. Por fim, o Pa\u00eds encerra sua prepara\u00e7\u00e3o antes da estreia diante do Egito, em 6 de junho.<\/p>\n<p><img decoding=\"async\" src=\"https:\/\/media-manager.noticiasaominuto.com\/640\/naom_69ccb02c29133.jpg\" \/><\/p>\n<h2><a href=\"https:\/\/www.noticiasaominuto.com.br\/esporte\/2371663\/brasil-faz-bom-jogo-e-vence-croacia-em-ultimo-teste-antes-de-convocacao-para-a-copa\"> Brasil faz bom jogo e vence Cro\u00e1cia em \u00faltimo teste antes de convoca\u00e7\u00e3o para a Copa <\/a><\/h2>\n<p>Brasil melhora desempenho ap\u00f3s derrota para a Fran\u00e7a, mostra postura mais ofensiva e garante vit\u00f3ria com gols no fim. Resultado serve como resposta \u00e0s cr\u00edticas e d\u00e1 for\u00e7a ao time antes da convoca\u00e7\u00e3o para a Copa do Mundo<\/p>\n<p><small> Folhapress | 02:40 &#8211; 01\/04\/2026 <\/small><\/p>\n<\/div>\n<p>\n            Partilhe a not\u00edcia\n        <\/p>\n<\/div>","protected":false},"excerpt":{"rendered":"<p>T\u00e9cnico destaca desempenho de novos convocados ap\u00f3s vit\u00f3ria sobre a Cro\u00e1cia e afirma que atua\u00e7\u00e3o refor\u00e7a disputa por vagas. Comiss\u00e3o&hellip;<\/p>\n","protected":false},"author":4,"featured_media":326762,"comment_status":"open","ping_status":"open","sticky":false,"template":"","format":"standard","meta":{"footnotes":""},"categories":[6],"tags":[],"class_list":["post-326761","post","type-post","status-publish","format-standard","has-post-thumbnail","hentry","category-esportes"],"_links":{"self":[{"href":"https:\/\/villanews.com.br\/index.php?rest_route=\/wp\/v2\/posts\/326761","targetHints":{"allow":["GET"]}}],"collection":[{"href":"https:\/\/villanews.com.br\/index.php?rest_route=\/wp\/v2\/posts"}],"about":[{"href":"https:\/\/villanews.com.br\/index.php?rest_route=\/wp\/v2\/types\/post"}],"author":[{"embeddable":true,"href":"https:\/\/villanews.com.br\/index.php?rest_route=\/wp\/v2\/users\/4"}],"replies":[{"embeddable":true,"href":"https:\/\/villanews.com.br\/index.php?rest_route=%2Fwp%2Fv2%2Fcomments&post=326761"}],"version-history":[{"count":0,"href":"https:\/\/villanews.com.br\/index.php?rest_route=\/wp\/v2\/posts\/326761\/revisions"}],"wp:featuredmedia":[{"embeddable":true,"href":"https:\/\/villanews.com.br\/index.php?rest_route=\/wp\/v2\/media\/326762"}],"wp:attachment":[{"href":"https:\/\/villanews.com.br\/index.php?rest_route=%2Fwp%2Fv2%2Fmedia&parent=326761"}],"wp:term":[{"taxonomy":"category","embeddable":true,"href":"https:\/\/villanews.com.br\/index.php?rest_route=%2Fwp%2Fv2%2Fcategories&post=326761"},{"taxonomy":"post_tag","embeddable":true,"href":"https:\/\/villanews.com.br\/index.php?rest_route=%2Fwp%2Fv2%2Ftags&post=326761"}],"curies":[{"name":"wp","href":"https:\/\/api.w.org\/{rel}","templated":true}]}}