{"id":326759,"date":"2026-04-01T03:00:36","date_gmt":"2026-04-01T07:00:36","guid":{"rendered":"https:\/\/villanews.com.br\/?p=326759"},"modified":"2026-04-01T03:00:36","modified_gmt":"2026-04-01T07:00:36","slug":"casemiro-revela-elogio-de-modric-a-selecao-e-cita-resiliencia-no-ciclo-inumeras-dificuldades","status":"publish","type":"post","link":"https:\/\/villanews.com.br\/?p=326759","title":{"rendered":"Casemiro revela elogio de Modric \u00e0 sele\u00e7\u00e3o e cita resili\u00eancia no ciclo: &#8216;In\u00fameras dificuldades&#8217;"},"content":{"rendered":"<div class=\"text-darkgray lg:w-2\/3\">\n<div>\n<h2>Volante conta que ouviu do croata que a sele\u00e7\u00e3o \u00e9 \u201cforte\u201d e valoriza evolu\u00e7\u00e3o da equipe. Jogadores destacam uni\u00e3o do grupo e disputa por vagas, enquanto comiss\u00e3o t\u00e9cnica define lista final para a Copa do Mundo<\/h2>\n<\/div>\n<p><img decoding=\"async\" src=\"https:\/\/media-manager.noticiasaominuto.com.br\/960\/naom_69ccb49ed7e71.webp?crop_params=eyJsYW5kc2NhcGUiOnsiY3JvcFdpZHRoIjoyNTYwLCJjcm9wSGVpZ2h0IjoxNDQwLCJjcm9wWCI6MCwiY3JvcFkiOjMxfX0=\" \/><\/p>\n<p>\u00a9 Getty<\/p>\n<p><img decoding=\"async\" src=\"https:\/\/noticiasaominutobr-img.com\/team\/naom.png\" \/><\/p>\n<p><span><br \/>\n                    01\/04\/2026 04:00 \u2027<br \/>\n                    h\u00e1 1 hora<br \/>\n                    por Estadao Conteudo<br \/>\n                <\/span><\/p>\n<p>\n                        Esporte\n                    <\/p>\n<p>\n<a href=\"https:\/\/www.noticiasaominuto.com.br\/esporte\/tag\/selecao-brasileira\"><br \/>\n                                Sele\u00e7\u00e3o Brasileira<br \/>\n                            <\/a>\n<\/p>\n<div class=\"article-content mb-24 font-slab text-paragraph font-light\">\n<p><span>A<\/span> vit\u00f3ria do Brasil sobre a Cro\u00e1cia, em amistoso nesta ter\u00e7a-feira, rendeu elogios de um dos principais jogadores advers\u00e1rios \u00e0 equipe brasileira. Casemiro revelou o que ouviu do ex-companheiro de Real Madrid Luka Modric ao final da partida.<\/p>\n<p>                                                        \u00a0<\/p>\n<p>\u201cNas \u00faltimas duas Copas, a gente chegou bem s\u00f3lido, bem confiante. Estava conversando com Luka (Modric), e ele disse: \u2018Voc\u00eas s\u00e3o fortes, uma boa sele\u00e7\u00e3o\u2019. \u00c0s vezes, voc\u00ea pode se apegar a isso, porque \u00e9 importante chegar bem, confiante, mas o mais importante \u00e9 jogo a jogo, na hora de formar o time, ganhar casca. O principal \u00e9 dentro da Copa. A Argentina perdeu o primeiro jogo e terminou campe\u00e3\u201d, refletiu o volante.<\/p>\n<p>Ele tamb\u00e9m destacou que o ciclo da sele\u00e7\u00e3o brasileira foi marcado por dificuldades, especialmente antes da chegada do t\u00e9cnico Carlo Ancelotti, em maio de 2025.<\/p>\n<p>\u201cA gente sabe que, na sele\u00e7\u00e3o, a exig\u00eancia \u00e9 sempre muito alta e temos que valorizar isso. Hoje todo mundo opina, ent\u00e3o \u00e9 preciso blindar esse momento. Existe um gap muito grande entre as gera\u00e7\u00f5es. A sele\u00e7\u00e3o tem que jogar para vencer, mas tamb\u00e9m precisamos aproveitar o momento. O ciclo foi dif\u00edcil, com in\u00fameras mudan\u00e7as, mas sabemos que temos que chegar fortes na Copa\u201d, afirmou.<\/p>\n<p>O atacante Igor Thiago, que marcou seu primeiro gol com a camisa da sele\u00e7\u00e3o, tamb\u00e9m elogiou o grupo e reconheceu a concorr\u00eancia por uma vaga no Mundial. Ele agradeceu a Endrick por ter cedido a bola na cobran\u00e7a do p\u00eanalti.<\/p>\n<p>\u201cA gente, dentro do vesti\u00e1rio, se apoia muito. Fico muito feliz por ele ter me dado a bola, confiado em mim e acreditado no meu trabalho\u201d, disse.<\/p>\n<p>O jogador tamb\u00e9m relembrou a elimina\u00e7\u00e3o na Copa de 2022, quando o Brasil sofreu o empate no fim contra a Cro\u00e1cia.<\/p>\n<p>\u201cNa \u00faltima Copa, sa\u00edmos daquela forma, levando gol no final, mas fomos resilientes. Estou muito feliz pela oportunidade\u201d, completou.<\/p>\n<p>Outro destaque da partida foi o meia Danilo, do Botafogo, autor do primeiro gol do jogo.<\/p>\n<p>\u201cConsegui fazer o gol. O importante \u00e9 sair com a vit\u00f3ria. Encerramos esse ciclo de prepara\u00e7\u00e3o para a Copa do Mundo com tudo dando certo hoje\u201d, afirmou.<\/p>\n<p>A sele\u00e7\u00e3o brasileira inscrever\u00e1 55 jogadores para a Copa do Mundo no dia 11 de maio. J\u00e1 no dia 18, ser\u00e1 divulgada a lista final com os 26 convocados, que disputar\u00e3o amistosos contra Panam\u00e1 e Egito antes da estreia contra o Marrocos.<br \/>\u00a0<\/p>\n<p><img decoding=\"async\" src=\"https:\/\/media-manager.noticiasaominuto.com\/640\/naom_69ccb02c29133.jpg\" \/><\/p>\n<h2><a href=\"https:\/\/www.noticiasaominuto.com.br\/esporte\/2371663\/brasil-faz-bom-jogo-e-vence-croacia-em-ultimo-teste-antes-de-convocacao-para-a-copa\"> Brasil faz bom jogo e vence Cro\u00e1cia em \u00faltimo teste antes de convoca\u00e7\u00e3o para a Copa <\/a><\/h2>\n<p>Brasil melhora desempenho ap\u00f3s derrota para a Fran\u00e7a, mostra postura mais ofensiva e garante vit\u00f3ria com gols no fim. Resultado serve como resposta \u00e0s cr\u00edticas e d\u00e1 for\u00e7a ao time antes da convoca\u00e7\u00e3o para a Copa do Mundo<\/p>\n<p><small> Folhapress | 02:40 &#8211; 01\/04\/2026 <\/small><\/p>\n<\/div>\n<p>\n            Partilhe a not\u00edcia\n        <\/p>\n<\/div>","protected":false},"excerpt":{"rendered":"<p>Volante conta que ouviu do croata que a sele\u00e7\u00e3o \u00e9 \u201cforte\u201d e valoriza evolu\u00e7\u00e3o da equipe. Jogadores destacam uni\u00e3o do&hellip;<\/p>\n","protected":false},"author":4,"featured_media":326760,"comment_status":"open","ping_status":"open","sticky":false,"template":"","format":"standard","meta":{"footnotes":""},"categories":[6],"tags":[],"class_list":["post-326759","post","type-post","status-publish","format-standard","has-post-thumbnail","hentry","category-esportes"],"_links":{"self":[{"href":"https:\/\/villanews.com.br\/index.php?rest_route=\/wp\/v2\/posts\/326759","targetHints":{"allow":["GET"]}}],"collection":[{"href":"https:\/\/villanews.com.br\/index.php?rest_route=\/wp\/v2\/posts"}],"about":[{"href":"https:\/\/villanews.com.br\/index.php?rest_route=\/wp\/v2\/types\/post"}],"author":[{"embeddable":true,"href":"https:\/\/villanews.com.br\/index.php?rest_route=\/wp\/v2\/users\/4"}],"replies":[{"embeddable":true,"href":"https:\/\/villanews.com.br\/index.php?rest_route=%2Fwp%2Fv2%2Fcomments&post=326759"}],"version-history":[{"count":0,"href":"https:\/\/villanews.com.br\/index.php?rest_route=\/wp\/v2\/posts\/326759\/revisions"}],"wp:featuredmedia":[{"embeddable":true,"href":"https:\/\/villanews.com.br\/index.php?rest_route=\/wp\/v2\/media\/326760"}],"wp:attachment":[{"href":"https:\/\/villanews.com.br\/index.php?rest_route=%2Fwp%2Fv2%2Fmedia&parent=326759"}],"wp:term":[{"taxonomy":"category","embeddable":true,"href":"https:\/\/villanews.com.br\/index.php?rest_route=%2Fwp%2Fv2%2Fcategories&post=326759"},{"taxonomy":"post_tag","embeddable":true,"href":"https:\/\/villanews.com.br\/index.php?rest_route=%2Fwp%2Fv2%2Ftags&post=326759"}],"curies":[{"name":"wp","href":"https:\/\/api.w.org\/{rel}","templated":true}]}}