{"id":326665,"date":"2026-04-01T01:40:00","date_gmt":"2026-04-01T05:40:00","guid":{"rendered":"https:\/\/villanews.com.br\/?p=326665"},"modified":"2026-04-01T01:40:00","modified_gmt":"2026-04-01T05:40:00","slug":"brasil-faz-bom-jogo-e-vence-croacia-em-ultimo-teste-antes-de-convocacao-para-a-copa","status":"publish","type":"post","link":"https:\/\/villanews.com.br\/?p=326665","title":{"rendered":"Brasil faz bom jogo e vence Cro\u00e1cia em \u00faltimo teste antes de convoca\u00e7\u00e3o para a Copa"},"content":{"rendered":"<div class=\"text-darkgray lg:w-2\/3\">\n<div>\n<h2>Brasil melhora desempenho ap\u00f3s derrota para a Fran\u00e7a, mostra postura mais ofensiva e garante vit\u00f3ria com gols no fim. Resultado serve como resposta \u00e0s cr\u00edticas e d\u00e1 for\u00e7a ao time antes da convoca\u00e7\u00e3o para a Copa do Mundo<\/h2>\n<\/div>\n<p><img decoding=\"async\" src=\"https:\/\/media-manager.noticiasaominuto.com.br\/960\/naom_69ccb02c29133.webp\" \/><\/p>\n<p>\u00a9 Getty<\/p>\n<p><img decoding=\"async\" src=\"https:\/\/noticiasaominutobr-img.com\/team\/naom.png\" \/><\/p>\n<p><span><br \/>\n                    01\/04\/2026 02:40 \u2027<br \/>\n                    h\u00e1 1 hora<br \/>\n                    por Folhapress<br \/>\n                <\/span><\/p>\n<p>\n                        Esporte\n                    <\/p>\n<p>\n<a href=\"https:\/\/www.noticiasaominuto.com.br\/esporte\/tag\/selecao-brasileira\"><br \/>\n                                Sele\u00e7\u00e3o Brasileira<br \/>\n                            <\/a>\n<\/p>\n<div class=\"article-content mb-24 font-slab text-paragraph font-light\">\n<p><span>(<\/span>FOLHAPRESS) &#8211; A sele\u00e7\u00e3o brasileira soube absorver as cr\u00edticas recebidas pela p\u00e9ssima impress\u00e3o deixada ap\u00f3s a derrota no amistoso contra a Fran\u00e7a, na \u00faltima quinta-feira (26). No \u00faltimo teste antes da convoca\u00e7\u00e3o para a Copa do Mundo, o Brasil venceu a Cro\u00e1cia nesta ter\u00e7a (31), por 3 a 1, em Orlando, nos Estados Unidos.<\/p>\n<p>                                                        \u00a0<\/p>\n<p>Depois da ap\u00e1tica exibi\u00e7\u00e3o contra os franceses, quando a equipe verde e amarela foi dominada e perdeu por 2 a 1 mesmo jogando boa parte do jogo com um homem a mais, a principal mudan\u00e7a no jogo com a Cro\u00e1cia foi a postura. O Brasil n\u00e3o se limitou a esperar o advers\u00e1rio, buscou o campo de ataque durante todo o jogo e ainda reagiu r\u00e1pido quando a vit\u00f3ria quase escapou no fim.<\/p>\n<p>Danilo foi quem abriu o placar no primeiro tempo, aos 46. Depois do intervalo, Majer aproveitou vacilo da zaga brasileira e deixou tudo igual j\u00e1 aos 38 minutos. Quatro minutos depois, o Brasil voltou \u00e0 frente do marcador, com Igor Thiago convertendo p\u00eanalti. Antes do fim, ainda houve tempo para Gabriel Martinelli fechar a conta, aos 46.<\/p>\n<p>Os n\u00fameros da primeira etapa, assim como a rea\u00e7\u00e3o no segundo tempo, mostraram uma evolu\u00e7\u00e3o na produ\u00e7\u00e3o ofensiva do Brasil. Contra os franceses, o time de Ancelotti n\u00e3o teve nenhuma finaliza\u00e7\u00e3o certa nos 45 minutos iniciais. Diante dos croatas, foram quatro bolas no alvo, de um total de nove finaliza\u00e7\u00f5es.<\/p>\n<p>A Cr\u00f3acia s\u00f3 teve uma finaliza\u00e7\u00e3o certa, j\u00e1 aos 45 minutos, quando Modric cobrou falta lan\u00e7ando a bola na \u00e1rea e Vuskovic cabeceou no meio do gol, exigindo boa defesa de Bento, que mandou para escanteio.<\/p>\n<p>Ap\u00f3s a cobran\u00e7a, o Brasil recuperou a bola e puxou um contra-ataque r\u00e1pido. Ainda no campo defensivo, Matheus Cunha descolou um belo passe para Vinicius Junior. O camisa 10 limpou tr\u00eas marcadores antes de servir Danilo Santos. O volante chutou forte, no alto, sem chance para o goleiro Livakovic, e fez 1 a 0.<\/p>\n<p>O camisa 18, jogador do Botafogo, foi um dos destaques da equipe. Antes de balan\u00e7ar a rede, ele j\u00e1 havia exigido boa defesa do goleiro croata. Aos 20 minutos, tamb\u00e9m servido por Vinicius Junior pela esquerda, o volante finalizou \u00e0 meia altura, mas Livakovic conseguiu salvar.<\/p>\n<p>O goleiro croata foi o principal nome de sua equipe, com boas defesas e um pouco de sorte, como em lance em que impediu um gol de Jo\u00e3o Pedro caindo sobre a bola. O atacante invadiu a \u00e1rea e chutou forte ap\u00f3s Matheus Cunha novamente descolar um belo passe entre a marca\u00e7\u00e3o.<\/p>\n<p>Depois do intervalo, o ritmo da partida foi menos acelerado. Ancelotti tamb\u00e9m aproveitou para fazer novos testes, dando oportunidades para Danilo Luiz, Fabinho, Igor Tiago, al\u00e9m da volta de Gabriel Martinelli, que foi titular contra a Fran\u00e7a. O atacante do Arsenal entrou no lugar de Vinicius Junior, que saiu cansado. Ele correu bem mais do que havia feito diante dos franceses.<\/p>\n<p>N\u00e3o era, no entanto, a vontade do t\u00e9cnico italiano fazer testes nesta data Fifa. Antes de encara a Cro\u00e1cia, ele lamentou o fato de n\u00e3o contar com sua equipe titular devido a les\u00f5es. Apesar dos problemas, tamb\u00e9m declarou na segunda-feira (30) que j\u00e1 tem uma &#8220;ideia muito clara&#8221; de sua equipe considera ideal e de sua lista final para a Copa do Mundo.<\/p>\n<p>O jogo com os croatas, por\u00e9m, serviu para jogadores como Danilo Santos e Jo\u00e3o Pedro ganharem pontos com o comandante em um momento decisivo. A convoca\u00e7\u00e3o para o Mundial ser\u00e1 no dia 18 de maio.<\/p>\n<p>O treinador tamb\u00e9m mostrou sua estrela depois de viver um momento de frustra\u00e7\u00e3o. Aos 38 minutos, Majer empatou a partida ap\u00f3s receber um passe de Fruk, pela direita, e se infiltrar entre os zagueiros do Brasil para deixar tudo igual. Bento saiu mal do gol e deixou sua meta livre.<\/p>\n<p>Com dois gols em quatro minutos, por\u00e9m, a sele\u00e7\u00e3o brasileira mostrou poder de rea\u00e7\u00e3o. Primeiro, Endrick descolou um p\u00eanalti, convertido por Igor Thiago, aposta de Ancelotti para o segundo tempo. Depois, foi a vez de Gabriel Martinelli garantir a vit\u00f3ria aos 46, completando um contra-ataque. Ele tamb\u00e9m entrou na reta final da partida para dar nos g\u00e1s ao time.<\/p>\n<p><img decoding=\"async\" src=\"https:\/\/media-manager.noticiasaominuto.com\/640\/naom_69cc21b47c2a8.jpg\" \/><\/p>\n<h2><a href=\"https:\/\/www.noticiasaominuto.com.br\/esporte\/2371515\/arias-volta-ao-palmeiras-e-pode-enfrentar-o-gremio-vitor-roque-e-baixa\"> Arias volta ao Palmeiras e pode enfrentar o Gr\u00eamio; Vitor Roque \u00e9 baixa <\/a><\/h2>\n<p>Arias participou de grande parte das movimenta\u00e7\u00f5es com o grupo no treino desta ter\u00e7a-feira (31). Ap\u00f3s ativa\u00e7\u00e3o muscular na parte interna, o elenco alviverde foi a campo e fez atividades de din\u00e2micas t\u00e1ticas como sa\u00eddas de bola, marca\u00e7\u00f5es, balan\u00e7os, mecanismos de press\u00e3o e constru\u00e7\u00f5es de jogadas<\/p>\n<p><small> Folhapress | 16:25 &#8211; 31\/03\/2026 <\/small><\/p>\n<\/div>\n<p>\n            Partilhe a not\u00edcia\n        <\/p>\n<\/div>","protected":false},"excerpt":{"rendered":"<p>Brasil melhora desempenho ap\u00f3s derrota para a Fran\u00e7a, mostra postura mais ofensiva e garante vit\u00f3ria com gols no fim. Resultado&hellip;<\/p>\n","protected":false},"author":4,"featured_media":326666,"comment_status":"open","ping_status":"open","sticky":false,"template":"","format":"standard","meta":{"footnotes":""},"categories":[6],"tags":[],"class_list":["post-326665","post","type-post","status-publish","format-standard","has-post-thumbnail","hentry","category-esportes"],"_links":{"self":[{"href":"https:\/\/villanews.com.br\/index.php?rest_route=\/wp\/v2\/posts\/326665","targetHints":{"allow":["GET"]}}],"collection":[{"href":"https:\/\/villanews.com.br\/index.php?rest_route=\/wp\/v2\/posts"}],"about":[{"href":"https:\/\/villanews.com.br\/index.php?rest_route=\/wp\/v2\/types\/post"}],"author":[{"embeddable":true,"href":"https:\/\/villanews.com.br\/index.php?rest_route=\/wp\/v2\/users\/4"}],"replies":[{"embeddable":true,"href":"https:\/\/villanews.com.br\/index.php?rest_route=%2Fwp%2Fv2%2Fcomments&post=326665"}],"version-history":[{"count":0,"href":"https:\/\/villanews.com.br\/index.php?rest_route=\/wp\/v2\/posts\/326665\/revisions"}],"wp:featuredmedia":[{"embeddable":true,"href":"https:\/\/villanews.com.br\/index.php?rest_route=\/wp\/v2\/media\/326666"}],"wp:attachment":[{"href":"https:\/\/villanews.com.br\/index.php?rest_route=%2Fwp%2Fv2%2Fmedia&parent=326665"}],"wp:term":[{"taxonomy":"category","embeddable":true,"href":"https:\/\/villanews.com.br\/index.php?rest_route=%2Fwp%2Fv2%2Fcategories&post=326665"},{"taxonomy":"post_tag","embeddable":true,"href":"https:\/\/villanews.com.br\/index.php?rest_route=%2Fwp%2Fv2%2Ftags&post=326665"}],"curies":[{"name":"wp","href":"https:\/\/api.w.org\/{rel}","templated":true}]}}