{"id":326268,"date":"2026-03-31T22:06:53","date_gmt":"2026-04-01T02:06:53","guid":{"rendered":"https:\/\/villanews.com.br\/?p=326268"},"modified":"2026-03-31T22:06:53","modified_gmt":"2026-04-01T02:06:53","slug":"tre-rj-recalcula-votos-apos-cassacao-de-bacellar-e-pl-recupera-vaga-na-alerj","status":"publish","type":"post","link":"https:\/\/villanews.com.br\/?p=326268","title":{"rendered":"TRE-RJ recalcula votos ap\u00f3s cassa\u00e7\u00e3o de Bacellar e PL recupera vaga na Alerj"},"content":{"rendered":"<div class=\"postBody_post-body-container__1KhtH\">\n<p>O Tribunal Regional Eleitoral do Rio de Janeiro (TRE-RJ) realizou nesta ter\u00e7a-feira (31) a retotaliza\u00e7\u00e3o dos votos das elei\u00e7\u00f5es de 2022 para deputado estadual ap\u00f3s a cassa\u00e7\u00e3o de Rodrigo Bacellar (Uni\u00e3o), ex-presidente da Assembleia Legislativa do Estado do Rio de Janeiro (Alerj).<\/p>\n<p>Bacellar foi eleito pelo Partido Liberal (PL), mas migrou para o Uni\u00e3o Brasil. Com a recontagem, a vaga voltou para o PL, com o Delegado Carlos Augusto, que assumir\u00e1 a vaga. N\u00e3o houve altera\u00e7\u00e3o na distribui\u00e7\u00e3o das cadeiras entre partidos e federa\u00e7\u00e3o.<\/p>\n<p>No \u00faltimo dia 24, o Tribunal Superior Eleitoral (TSE) <a href=\"https:\/\/www.gazetadopovo.com.br\/eleicoes\/2026\/rio-de-janeiro\/tse-torna-claudio-castro-inelegivel\/\">cassou <\/a>o mandato de Bacellar e o tornou ineleg\u00edvel. Al\u00e9m disso, a Corte eleitoral determinou a retotaliza\u00e7\u00e3o dos votos no estado.<\/p>\n<p>VEJA TAMB\u00c9M:<\/p>\n<p>O ex-deputado foi condenado junto com o ex-governador do Rio Cl\u00e1udio Castro (PL) por abuso de poder pol\u00edtico e econ\u00f4mico nas elei\u00e7\u00f5es de 2022.<\/p>\n<p>A acusa\u00e7\u00e3o trata da contrata\u00e7\u00e3o de 27 mil funcion\u00e1rios tempor\u00e1rios na Funda\u00e7\u00e3o Centro Estadual de Pesquisa e Estat\u00edstica do Rio (Ceperj) e na Universidade do Estado do Rio de Janeiro (Uerj), que teriam atuado como cabos eleitorais na campanha de reelei\u00e7\u00e3o de Castro, em 2022.<\/p>\n<p>O presidente do TRE-RJ, desembargador Claudio de Mello Tavares, destacou que a retotaliza\u00e7\u00e3o considerou \u201cexclusivamente a lista de supl\u00eancia original, sem an\u00e1lise de eventuais migra\u00e7\u00f5es partid\u00e1rias ou outras quest\u00f5es f\u00e1tico-jur\u00eddicas surgidas nesse per\u00edodo, como falecimento ou suspens\u00e3o dos direitos pol\u00edticos\u201d.<\/p>\n<h2>Bacellar foi preso por ordem de Moraes<\/h2>\n<p>A Pol\u00edcia Federal prendeu Bacellar, na sexta-feira passada, pela <a href=\"https:\/\/www.gazetadopovo.com.br\/republica\/pf-prende-novamente-rodrigo-bacellar-ex-presidente-da-alerj\/\">segunda vez<\/a>. O ministro do Supremo Tribunal Federal (STF) Alexandre de Moraes considerou a decis\u00e3o do TSE para determinar a pris\u00e3o preventiva.<\/p>\n<p>Em nota, os advogados Daniel Bialski e Roberto Podval, que representam o ex-deputado, classificaram a medida como \u201cindevida e desnecess\u00e1ria\u201d. A defesa destacou que Bacellar vinha cumprindo &#8220;fiel e completamente&#8221; todas as medidas cautelares impostas pelo STF.<\/p>\n<p>Bacellar j\u00e1 havia sido preso em 3 de dezembro do ano passado. Ele \u00e9 investigado pelo suposto vazamento de informa\u00e7\u00f5es sigilosas de uma opera\u00e7\u00e3o policial que tinha como alvo o ex-deputado estadual TH Joias (MDB), preso por suspeita de integrar o Comando Vermelho.<\/p>\n<p>A Alerj revogou a pris\u00e3o preventiva de Bacellar por 42 votos favor\u00e1veis, 21 contr\u00e1rios e 2 absten\u00e7\u00f5es. Moraes confirmou a decis\u00e3o dos deputados estaduais e concedeu liberdade provis\u00f3ria ao ex-presidente da Alerj no dia 9 de dezembro, mas imp\u00f4s medidas cautelares, como uso de tornozeleira eletr\u00f4nica.<\/p>\n<h2>Como o TRE-RJ fez a retotaliza\u00e7\u00e3o dos votos?<\/h2>\n<p>Em nota, o TRE-RJ disse que o sistema do tribunal processou as altera\u00e7\u00f5es lan\u00e7adas previamente no Sistema de Candidaturas, anulando os 97.822 votos recebidos por Bacellar.<\/p>\n<p>Em seguida, os quocientes eleitoral e partid\u00e1rio foram recalculados, com base na nova propor\u00e7\u00e3o de votos v\u00e1lidos. Nos pr\u00f3ximos tr\u00eas dias, o TRE analisar\u00e1 os documentos enviados pelos partidos e federa\u00e7\u00f5es.<\/p>\n<p>Na sequ\u00eancia, dois dias ser\u00e3o destinados a apresenta\u00e7\u00e3o de eventuais reclama\u00e7\u00f5es ou impugna\u00e7\u00f5es. O plen\u00e1rio do tribunal deve analisar a retotaliza\u00e7\u00e3o no pr\u00f3ximo dia 14. O presidente do TRE-RJ ser\u00e1 o relator do processo. Em seguida, o resultado deve ser homologado.<\/p>\n<p>VEJA TAMB\u00c9M:<\/p>\n<\/div>","protected":false},"excerpt":{"rendered":"<p>O Tribunal Regional Eleitoral do Rio de Janeiro (TRE-RJ) realizou nesta ter\u00e7a-feira (31) a retotaliza\u00e7\u00e3o dos votos das elei\u00e7\u00f5es de&hellip;<\/p>\n","protected":false},"author":4,"featured_media":326183,"comment_status":"open","ping_status":"open","sticky":false,"template":"","format":"standard","meta":{"footnotes":""},"categories":[204],"tags":[],"class_list":["post-326268","post","type-post","status-publish","format-standard","has-post-thumbnail","hentry","category-ultimas-noticias"],"_links":{"self":[{"href":"https:\/\/villanews.com.br\/index.php?rest_route=\/wp\/v2\/posts\/326268","targetHints":{"allow":["GET"]}}],"collection":[{"href":"https:\/\/villanews.com.br\/index.php?rest_route=\/wp\/v2\/posts"}],"about":[{"href":"https:\/\/villanews.com.br\/index.php?rest_route=\/wp\/v2\/types\/post"}],"author":[{"embeddable":true,"href":"https:\/\/villanews.com.br\/index.php?rest_route=\/wp\/v2\/users\/4"}],"replies":[{"embeddable":true,"href":"https:\/\/villanews.com.br\/index.php?rest_route=%2Fwp%2Fv2%2Fcomments&post=326268"}],"version-history":[{"count":0,"href":"https:\/\/villanews.com.br\/index.php?rest_route=\/wp\/v2\/posts\/326268\/revisions"}],"wp:featuredmedia":[{"embeddable":true,"href":"https:\/\/villanews.com.br\/index.php?rest_route=\/wp\/v2\/media\/326183"}],"wp:attachment":[{"href":"https:\/\/villanews.com.br\/index.php?rest_route=%2Fwp%2Fv2%2Fmedia&parent=326268"}],"wp:term":[{"taxonomy":"category","embeddable":true,"href":"https:\/\/villanews.com.br\/index.php?rest_route=%2Fwp%2Fv2%2Fcategories&post=326268"},{"taxonomy":"post_tag","embeddable":true,"href":"https:\/\/villanews.com.br\/index.php?rest_route=%2Fwp%2Fv2%2Ftags&post=326268"}],"curies":[{"name":"wp","href":"https:\/\/api.w.org\/{rel}","templated":true}]}}