{"id":326150,"date":"2026-03-31T21:43:09","date_gmt":"2026-04-01T01:43:09","guid":{"rendered":"https:\/\/villanews.com.br\/?p=326150"},"modified":"2026-03-31T21:43:09","modified_gmt":"2026-04-01T01:43:09","slug":"autopar-2026-projeta-maior-edicao-de-sua-historia","status":"publish","type":"post","link":"https:\/\/villanews.com.br\/?p=326150","title":{"rendered":"Autopar 2026 projeta maior edi\u00e7\u00e3o de sua hist\u00f3ria"},"content":{"rendered":"<div class=\"postBody_post-body-container__1KhtH\">\n<p>O Brasil mant\u00e9m uma das maiores frotas de ve\u00edculos do mundo, o que posiciona a cadeia de reposi\u00e7\u00e3o e manuten\u00e7\u00e3o como um dos setores mais din\u00e2micos da economia nacional. Nesse cen\u00e1rio de alta demanda tecnol\u00f3gica, Curitiba e regi\u00e3o metropolitana recebem a Autopar 2026 \u2013 Feira de Fornecedores da Ind\u00fastria Automotiva. O evento ser\u00e1 realizado no Expotrade Pinhais (PR), reunindo os principais elos da cadeia de autope\u00e7as e repara\u00e7\u00e3o da Am\u00e9rica Latina, entre os dias 6 e 9 de maio.<\/p>\n<p>A Autopar \u00e9 um evento t\u00e9cnico, voltado para profissionais da \u00e1rea com idade a partir de 16 anos. Para participar, gratuitamente, basta fazer o credenciamento no site.<\/p>\n<p>Criada h\u00e1 mais de duas d\u00e9cadas, a Autopar consolidou-se como uma plataforma estrat\u00e9gica do\u00a0<em>aftermarket<\/em>\u00a0automotivo. Na edi\u00e7\u00e3o anterior, em 2024, o evento ocupou 35 mil metros quadrados e reuniu 70 mil  profissionais. Para 2026, a organiza\u00e7\u00e3o projeta um crescimento significativo, esperando alcan\u00e7ar a marca de 80 mil visitantes ao longo dos quatro dias de feira.<\/p>\n<p>O diferencial do encontro \u00e9 conectar, em um ambiente estruturado para neg\u00f3cios, desde a ind\u00fastria de base at\u00e9 a distribui\u00e7\u00e3o, o varejo e o profissional da ponta: o reparador. Para al\u00e9m dos neg\u00f3cios, a Autopar 2026 refor\u00e7a tamb\u00e9m seu papel como centro de forma\u00e7\u00e3o, mantendo os espa\u00e7os para palestras e encontros de conte\u00fados t\u00e9cnicos.<\/p>\n<h2><strong>Servi\u00e7o<\/strong><\/h2>\n<p><strong>Evento: <\/strong>Autopar 2026 \u2013 Feira de Fornecedores da Ind\u00fastria Automotiva<\/p>\n<p><strong>Data: <\/strong>6 a 9 de maio de 2026<\/p>\n<p><strong>Local: <\/strong>Expotrade Pinhais (Rod. Dep. Jo\u00e3o Leopoldo Jacomel, 10454 \u2013 Pinhais\/PR)<\/p>\n<p><strong>Entrada:<\/strong> Gratuita para profissionais do setor via site oficial.<\/p>\n<p><strong>Informa\u00e7\u00f5es e credenciamento:\u00a0<\/strong><a href=\"https:\/\/cas5-0-urlprotect.trendmicro.com\/wis\/clicktime\/v1\/query?url=http%3A%2F%2Fwww.feiraautopar.com.br&amp;umid=7a19ea8d-22ff-11f1-90f3-000d3a5bf3e2&amp;rct=1773861601&amp;auth=4278216ebd788255aac6bbd40170b5dbc233bec3-b9b649373a3fe6a9b426390dee514305c4741c21\">www.feiraautopar.com.br<\/a><\/p>\n<\/div>","protected":false},"excerpt":{"rendered":"<p>O Brasil mant\u00e9m uma das maiores frotas de ve\u00edculos do mundo, o que posiciona a cadeia de reposi\u00e7\u00e3o e manuten\u00e7\u00e3o&hellip;<\/p>\n","protected":false},"author":4,"featured_media":326151,"comment_status":"open","ping_status":"open","sticky":false,"template":"","format":"standard","meta":{"footnotes":""},"categories":[204],"tags":[],"class_list":["post-326150","post","type-post","status-publish","format-standard","has-post-thumbnail","hentry","category-ultimas-noticias"],"_links":{"self":[{"href":"https:\/\/villanews.com.br\/index.php?rest_route=\/wp\/v2\/posts\/326150","targetHints":{"allow":["GET"]}}],"collection":[{"href":"https:\/\/villanews.com.br\/index.php?rest_route=\/wp\/v2\/posts"}],"about":[{"href":"https:\/\/villanews.com.br\/index.php?rest_route=\/wp\/v2\/types\/post"}],"author":[{"embeddable":true,"href":"https:\/\/villanews.com.br\/index.php?rest_route=\/wp\/v2\/users\/4"}],"replies":[{"embeddable":true,"href":"https:\/\/villanews.com.br\/index.php?rest_route=%2Fwp%2Fv2%2Fcomments&post=326150"}],"version-history":[{"count":0,"href":"https:\/\/villanews.com.br\/index.php?rest_route=\/wp\/v2\/posts\/326150\/revisions"}],"wp:featuredmedia":[{"embeddable":true,"href":"https:\/\/villanews.com.br\/index.php?rest_route=\/wp\/v2\/media\/326151"}],"wp:attachment":[{"href":"https:\/\/villanews.com.br\/index.php?rest_route=%2Fwp%2Fv2%2Fmedia&parent=326150"}],"wp:term":[{"taxonomy":"category","embeddable":true,"href":"https:\/\/villanews.com.br\/index.php?rest_route=%2Fwp%2Fv2%2Fcategories&post=326150"},{"taxonomy":"post_tag","embeddable":true,"href":"https:\/\/villanews.com.br\/index.php?rest_route=%2Fwp%2Fv2%2Ftags&post=326150"}],"curies":[{"name":"wp","href":"https:\/\/api.w.org\/{rel}","templated":true}]}}