{"id":326123,"date":"2026-03-31T21:38:25","date_gmt":"2026-04-01T01:38:25","guid":{"rendered":"https:\/\/villanews.com.br\/?p=326123"},"modified":"2026-03-31T21:38:25","modified_gmt":"2026-04-01T01:38:25","slug":"cristina-graeml-anuncia-filiacao-ao-psd-ao-lado-de-ratinho-junior","status":"publish","type":"post","link":"https:\/\/villanews.com.br\/?p=326123","title":{"rendered":"Cristina Graeml anuncia filia\u00e7\u00e3o ao PSD ao lado de Ratinho Junior"},"content":{"rendered":"<div class=\"postBody_post-body-container__1KhtH\">\n<p>A jornalista Cristina Graeml anunciou na noite desta ter\u00e7a-feira (31) a filia\u00e7\u00e3o ao PSD, partido do governador do Paran\u00e1, Ratinho Junior. O ingresso foi divulgado em v\u00eddeo publicado nas redes sociais.<\/p>\n<p>Na grava\u00e7\u00e3o, Ratinho Junior afirma que os dois vinham conversando nos \u00faltimos dias sobre pautas em comum. &#8220;A gente tem conversado bastante sobre Paran\u00e1, sobre Brasil, sobre futuro, sobre aquilo que nos une, que s\u00e3o os valores de fam\u00edlia, liberdade econ\u00f4mica, propriedade privada e liberdade de imprensa&#8221;, disse.<\/p>\n<p>O governador afirmou que convidou Graeml para integrar o partido e contribuir com discuss\u00f5es sobre o estado. &#8220;Estou muito feliz em ter voc\u00ea junto com a gente representando as mulheres paranaenses&#8221;, declarou.<\/p>\n<p>Graeml agradeceu o convite e afirmou que vive um momento inicial na pol\u00edtica partid\u00e1ria. &#8220;Para mim \u00e9 tudo novidade, ainda tem essa quest\u00e3o de pol\u00edtica partid\u00e1ria, mas a gente tem que ir construindo alian\u00e7as&#8221;, disse.<\/p>\n<p>Ela tamb\u00e9m mencionou que esteve em campo oposto ao de Ratinho Junior na elei\u00e7\u00e3o municipal de Curitiba em 2024, quando foi candidata pelo Novo. &#8220;\u00c9 muito importante que a gente, pensando num projeto maior, consiga caminhar junto com o grupo&#8221;, afirmou.<\/p>\n<p>No v\u00eddeo publicado nesta ter\u00e7a, ambos destacaram a converg\u00eancia de pautas e a inten\u00e7\u00e3o de atua\u00e7\u00e3o conjunta no estado.<\/p>\n<h2>Em postagem anterior, Graeml confirmou pr\u00e9-candidatura ao Senado<\/h2>\n<p>No dia 19 de mar\u00e7o, Graeml publicou um pronunciamento nas redes sociais em que reafirmava sua pr\u00e9-candidatura ao Senado e afastava qualquer possibilidade de mudan\u00e7a de planos, em meio a especula\u00e7\u00f5es envolvendo o senador Sergio Moro (PL).<\/p>\n<p>No texto, ela afirmou que a decis\u00e3o de disputar o cargo era &#8220;firme e irrevers\u00edvel&#8221; e disse que n\u00e3o havia &#8220;qualquer possibilidade de recuo&#8221;. Tamb\u00e9m declarou que n\u00e3o existia &#8220;plano para mudan\u00e7a de rota&#8221;.<\/p>\n<p>Graeml atribuiu a decis\u00e3o ao que chamou de &#8220;resposta a um chamado org\u00e2nico da popula\u00e7\u00e3o do Paran\u00e1&#8221; e afirmou que vinha percorrendo munic\u00edpios do estado ao longo do \u00faltimo ano.<\/p>\n<p>Na ocasi\u00e3o, a jornalista tamb\u00e9m destacou que seguiria sua trajet\u00f3ria &#8220;com independ\u00eancia, coragem e compromisso&#8221; e reiterou que manteria o projeto pol\u00edtico &#8220;com lealdade ao povo do Paran\u00e1&#8221;.<\/p>\n<p>No an\u00fancio desta ter\u00e7a-feira (31), j\u00e1 filiada ao PSD, ela n\u00e3o detalhou se mant\u00e9m a pr\u00e9-candidatura ao Senado dentro da nova legenda.<\/p>\n<\/div>","protected":false},"excerpt":{"rendered":"<p>A jornalista Cristina Graeml anunciou na noite desta ter\u00e7a-feira (31) a filia\u00e7\u00e3o ao PSD, partido do governador do Paran\u00e1, Ratinho&hellip;<\/p>\n","protected":false},"author":4,"featured_media":326124,"comment_status":"open","ping_status":"open","sticky":false,"template":"","format":"standard","meta":{"footnotes":""},"categories":[204],"tags":[],"class_list":["post-326123","post","type-post","status-publish","format-standard","has-post-thumbnail","hentry","category-ultimas-noticias"],"_links":{"self":[{"href":"https:\/\/villanews.com.br\/index.php?rest_route=\/wp\/v2\/posts\/326123","targetHints":{"allow":["GET"]}}],"collection":[{"href":"https:\/\/villanews.com.br\/index.php?rest_route=\/wp\/v2\/posts"}],"about":[{"href":"https:\/\/villanews.com.br\/index.php?rest_route=\/wp\/v2\/types\/post"}],"author":[{"embeddable":true,"href":"https:\/\/villanews.com.br\/index.php?rest_route=\/wp\/v2\/users\/4"}],"replies":[{"embeddable":true,"href":"https:\/\/villanews.com.br\/index.php?rest_route=%2Fwp%2Fv2%2Fcomments&post=326123"}],"version-history":[{"count":0,"href":"https:\/\/villanews.com.br\/index.php?rest_route=\/wp\/v2\/posts\/326123\/revisions"}],"wp:featuredmedia":[{"embeddable":true,"href":"https:\/\/villanews.com.br\/index.php?rest_route=\/wp\/v2\/media\/326124"}],"wp:attachment":[{"href":"https:\/\/villanews.com.br\/index.php?rest_route=%2Fwp%2Fv2%2Fmedia&parent=326123"}],"wp:term":[{"taxonomy":"category","embeddable":true,"href":"https:\/\/villanews.com.br\/index.php?rest_route=%2Fwp%2Fv2%2Fcategories&post=326123"},{"taxonomy":"post_tag","embeddable":true,"href":"https:\/\/villanews.com.br\/index.php?rest_route=%2Fwp%2Fv2%2Ftags&post=326123"}],"curies":[{"name":"wp","href":"https:\/\/api.w.org\/{rel}","templated":true}]}}