{"id":325453,"date":"2026-03-31T14:31:42","date_gmt":"2026-03-31T18:31:42","guid":{"rendered":"https:\/\/villanews.com.br\/?p=325453"},"modified":"2026-03-31T14:31:42","modified_gmt":"2026-03-31T18:31:42","slug":"governo-divulga-lista-de-novos-ministros-apos-baixas-para-eleicoes","status":"publish","type":"post","link":"https:\/\/villanews.com.br\/?p=325453","title":{"rendered":"Governo divulga lista de novos ministros ap\u00f3s baixas para elei\u00e7\u00f5es"},"content":{"rendered":"<div class=\"postBody_post-body-container__1KhtH\">\n<p>O governo federal divulgou, nesta ter\u00e7a-feira (31), a lista dos 14 minist\u00e9rios que passar\u00e3o por uma troca de comando para que seus ocupantes participem das elei\u00e7\u00f5es de 2026. O prazo para a ren\u00fancia encerra-se neste s\u00e1bado (31).<\/p>\n<p>N\u00e3o est\u00e1 na lista a sa\u00edda do ministro da Fazenda, Fernando Haddad (PT), que deixou o cargo em 19 de mar\u00e7o, deixando o posto para seu secret\u00e1rio-executivo, Dario Durigan. Haddad \u00e9 pr\u00e9-candidato ao governo de S\u00e3o Paulo.<\/p>\n<p>Outro nome ausente \u00e9 o do ministro do Desenvolvimento, Ind\u00fastria, Com\u00e9rcio e Servi\u00e7os, Geraldo Alckmin (PSB). O atual vice-presidente concorrer\u00e1 novamente com o presidente Lula (PT). Tamb\u00e9m n\u00e3o \u00e9 mencionada a ministra de Rela\u00e7\u00f5es Institucionais, Gleisi Hoffmann (PT), que concorrer\u00e1 ao Senado pelo Paran\u00e1.<\/p>\n<p>VEJA TAMB\u00c9M:<\/p>\n<h2>Veja a lista divulgada pelo governo<\/h2>\n<ul class=\"postList_post-list-container__W0E4y postList_visual-type-unordered-list__M8U7t\">\n<li>Casa Civil: sai Rui Costa (PT) para concorrer ao Senado pela Bahia e entra Miriam Belchior, atual secret\u00e1ria-executiva;<\/li>\n<li>Minist\u00e9rio dos Transportes: sai Renan Filho (MDB)\u00a0para concorrer ao governo de Alagoas e entra George Santoro, atual secret\u00e1rio-executivo;<\/li>\n<li>Minist\u00e9rio dos Portos e Aeroportos: sai Silvio Costa Filho (Republicanos) para concorrer a deputado federal por Pernambuco e entra Tom\u00e9 Franca, atual secret\u00e1rio-executivo;<\/li>\n<li>Minist\u00e9rio do Planejamento e Or\u00e7amento: sai Simone Tebet (PSB) para concorrer ao Senado por S\u00e3o Paulo e entra Bruno Moretti, atual secret\u00e1rio especial de An\u00e1lise Governamental da Casa Civil da Presid\u00eancia da Rep\u00fablica;<\/li>\n<li>Minist\u00e9rio do Meio Ambiente: sai Marina Silva (Rede) para concorrer a um cargo ainda n\u00e3o definido e entra Paulo Ribeiro Capobianco, atual secret\u00e1rio-executivo;<\/li>\n<li>Minist\u00e9rio dos Direitos Humanos e Cidadania: sai Maca\u00e9 Evaristo (PT) para concorrer a deputada estadual por Minas Gerais e entra Janine Mello dos Santos, atual secret\u00e1ria-executiva;<\/li>\n<li>Minist\u00e9rio do Desenvolvimento Agr\u00e1rio e Agricultura Familiar: sai Paulo Teixeira (PT) para concorrer a deputado federal por S\u00e3o Paulo e entra Fernanda Machiaveli, atual secret\u00e1ria-executiva;<\/li>\n<li>Minist\u00e9rio da Educa\u00e7\u00e3o: sai Camilo Santana (PT), ainda sem candidatura definida, e entra Leonardo Barchini, atual secret\u00e1rio-executivo;<\/li>\n<li>Minist\u00e9rio do Esporte: sai Andr\u00e9 Fufuca (PP), para concorrer ao Senado pelo Maranh\u00e3o e entra Paulo Henrique Cordeiro Perna, atual secret\u00e1rio nacional de Esporte Amador, Educa\u00e7\u00e3o, Lazer e Inclus\u00e3o Social;<\/li>\n<li>Minist\u00e9rio das Cidades: sai Jader Barbalho Filho (MDB), poss\u00edvel pr\u00e9-candidato a deputado federal pelo Par\u00e1, e entra Ant\u00f4nio Vladimir Lima, atual secret\u00e1rio-executivo;<\/li>\n<li>Minist\u00e9rio da Igualdade Racial: sai Anielle Franco (PT) para concorrer a deputada federal pelo Rio de Janeiro e entra Rachel Barros de Oliveira, secret\u00e1ria-executiva;<\/li>\n<li>Minist\u00e9rio dos Povos Ind\u00edgenas: sai S\u00f4nia Guajajara (PSOL), ainda sem pr\u00e9-candidatura definida, e entra Eloy Terena, atual secret\u00e1rio-executivo;<\/li>\n<li>Minist\u00e9rio da Agricultura e Pecu\u00e1ria: sai Carlos F\u00e1varo (PSD) para concorrer ao governo de Mato Grosso e entra Andr\u00e9 de Paula, atual Ministro da Pesca e Aquicultura;<\/li>\n<li>Minist\u00e9rio da Pesca e Aquicultura, sai Andr\u00e9 de Paula para substituir Carlos F\u00e1varo e entra Rivetla Edipo Araujo Cruz, atual secret\u00e1rio-executivo;<\/li>\n<\/ul>\n<\/div>","protected":false},"excerpt":{"rendered":"<p>O governo federal divulgou, nesta ter\u00e7a-feira (31), a lista dos 14 minist\u00e9rios que passar\u00e3o por uma troca de comando para&hellip;<\/p>\n","protected":false},"author":4,"featured_media":325290,"comment_status":"open","ping_status":"open","sticky":false,"template":"","format":"standard","meta":{"footnotes":""},"categories":[5],"tags":[],"class_list":["post-325453","post","type-post","status-publish","format-standard","has-post-thumbnail","hentry","category-politica"],"_links":{"self":[{"href":"https:\/\/villanews.com.br\/index.php?rest_route=\/wp\/v2\/posts\/325453","targetHints":{"allow":["GET"]}}],"collection":[{"href":"https:\/\/villanews.com.br\/index.php?rest_route=\/wp\/v2\/posts"}],"about":[{"href":"https:\/\/villanews.com.br\/index.php?rest_route=\/wp\/v2\/types\/post"}],"author":[{"embeddable":true,"href":"https:\/\/villanews.com.br\/index.php?rest_route=\/wp\/v2\/users\/4"}],"replies":[{"embeddable":true,"href":"https:\/\/villanews.com.br\/index.php?rest_route=%2Fwp%2Fv2%2Fcomments&post=325453"}],"version-history":[{"count":0,"href":"https:\/\/villanews.com.br\/index.php?rest_route=\/wp\/v2\/posts\/325453\/revisions"}],"wp:featuredmedia":[{"embeddable":true,"href":"https:\/\/villanews.com.br\/index.php?rest_route=\/wp\/v2\/media\/325290"}],"wp:attachment":[{"href":"https:\/\/villanews.com.br\/index.php?rest_route=%2Fwp%2Fv2%2Fmedia&parent=325453"}],"wp:term":[{"taxonomy":"category","embeddable":true,"href":"https:\/\/villanews.com.br\/index.php?rest_route=%2Fwp%2Fv2%2Fcategories&post=325453"},{"taxonomy":"post_tag","embeddable":true,"href":"https:\/\/villanews.com.br\/index.php?rest_route=%2Fwp%2Fv2%2Ftags&post=325453"}],"curies":[{"name":"wp","href":"https:\/\/api.w.org\/{rel}","templated":true}]}}