{"id":325269,"date":"2026-03-31T07:00:00","date_gmt":"2026-03-31T11:00:00","guid":{"rendered":"https:\/\/villanews.com.br\/?p=325269"},"modified":"2026-03-31T07:00:00","modified_gmt":"2026-03-31T11:00:00","slug":"plano-clima-no-brasil-e-a-impotencia-verde","status":"publish","type":"post","link":"https:\/\/villanews.com.br\/?p=325269","title":{"rendered":"Plano Clima no Brasil e a \u201cimpot\u00eancia verde\u201d"},"content":{"rendered":"<div class=\"postLayout_post-content__gsXFz\"><img decoding=\"async\" src=\"https:\/\/media.gazetadopovo.com.br\/2026\/03\/30215128\/55151496266_1a1f31bb31_o.jpg.webp\" \/><span>Plano Clima aposta em metas irreais e ignora limites tecnol\u00f3gicos e econ\u00f4micos; insiste numa agenda global que j\u00e1 perde for\u00e7a no mundo real. (Foto: Fernando Donasci\/MMA)<\/span>\n<p>Ou\u00e7a este conte\u00fado<\/p>\n<div class=\"postBody_post-body-container__1KhtH\">\n<p>A recente apresenta\u00e7\u00e3o do Plano Clima do governo federal denota que as lideran\u00e7as brasileiras, tanto no setor p\u00fablico quanto no privado, ainda n\u00e3o acordaram para a inocult\u00e1vel perda de relev\u00e2ncia que se manifesta na chamada agenda da sustentabilidade e clim\u00e1tica em todo o mundo, a come\u00e7ar pelos EUA e outras pot\u00eancias industriais do Hemisf\u00e9rio Norte.<\/p>\n<p>O recuo \u00e9 causado pelo choque das amea\u00e7as exageradas sobre uma inexistente crise ambiental e clim\u00e1tica, al\u00e9m da inadequa\u00e7\u00e3o tecnol\u00f3gica e dos altos custos da mal denominada \u201ctransi\u00e7\u00e3o energ\u00e9tica\u201d, com o mundo real, que est\u00e1 muito distante de reduzir significativamente o uso dos combust\u00edveis f\u00f3sseis, como demonstram os desdobramentos da guerra no Golfo P\u00e9rsico (vide a coluna de 10 de mar\u00e7o).<\/p>\n<p>De acordo com a Ag\u00eancia Brasil (16\/03\/2026), o objetivo do plano \u00e9 orientar \u201cEstado e sociedade a enfrentarem a crise clim\u00e1tica\u201d, com \u201ca\u00e7\u00f5es de mitiga\u00e7\u00e3o e adapta\u00e7\u00e3o para o Brasil ser uma economia de baixo carbono, sustent\u00e1vel do ponto de vista socioambiental\u201d.<\/p>\n<p>A express\u00e3o \u201ceconomia de baixo carbono\u201d \u00e9 o mantra dos propagandistas da \u201cdescarboniza\u00e7\u00e3o\u201d da economia mundial para justificar uma substitui\u00e7\u00e3o acelerada dos hidrocarbonetos e do carv\u00e3o mineral pelas chamadas \u201cenergias limpas\u201d, com destaque para a e\u00f3lica, solar, hidrog\u00eanio e outras fontes de baixa densidade energ\u00e9tica e inadequadas para o abastecimento de sociedades altamente urbanizadas e industrializadas.<\/p>\n<p>Segue a nota: \u201cA meta principal do plano \u00e9 reduzir entre 59% e 67% as emiss\u00f5es de di\u00f3xido de carbono at\u00e9 2035 (os percentuais da meta s\u00e3o relativos a 2005). A conten\u00e7\u00e3o ser\u00e1 caminho para que, at\u00e9 2050, n\u00e3o haja mais emiss\u00f5es de gases de efeito estufa no Brasil [grifos nossos].\u201d<\/p>\n<p>Tal pretens\u00e3o s\u00f3 pode ser descrita como delirante, uma vez que a elimina\u00e7\u00e3o total dos chamados gases de efeito estufa pressup\u00f5e, minimamente, que, nos pr\u00f3ximos 24 anos, o Brasil:<\/p>\n<ul class=\"postList_post-list-container__W0E4y postList_visual-type-unordered-list__M8U7t\">\n<li>elimine o uso de hidrocarbonetos nos motores de combust\u00e3o interna nos transportes terrestres, a\u00e9reos e mar\u00edtimos;<\/li>\n<li>substitua o uso de carv\u00e3o e hidrocarbonetos em processos industriais, como a fabrica\u00e7\u00e3o de a\u00e7o, cimento e outros, por tecnologias ainda imaturas ou inexistentes;<\/li>\n<li>elimine o uso de petr\u00f3leo e g\u00e1s natural como insumos para a ind\u00fastria petroqu\u00edmica, para os quais n\u00e3o h\u00e1 substitutos vi\u00e1veis.<\/li>\n<\/ul>\n<p>Apenas esse item denota o alto n\u00edvel de irrealidade dos coordenadores do plano.<\/p>\n<p>Curiosamente, a elabora\u00e7\u00e3o do plano \u201cenvolveu a participa\u00e7\u00e3o de 24 mil pessoas e resultou em cerca de 5 mil propostas apresentadas em diversas etapas de elabora\u00e7\u00e3o, sintetizadas e escolhidas pelo Comit\u00ea Interministerial sobre Mudan\u00e7a Clim\u00e1tica (CIM), formado por 25 pastas ministeriais\u201d.<\/p>\n<p>\u201cN\u00f3s tivemos um processo com ampla participa\u00e7\u00e3o da sociedade civil\u201d, observou a ministra do Meio Ambiente e Mudan\u00e7a do Clima, Marina Silva.<\/p>\n<blockquote>\n<p>Ser\u00e1 que os especialistas qualificados entre essas 24 mil pessoas n\u00e3o tiveram a oportunidade de apontar tais inconsist\u00eancias aos coordenadores do plano?<\/p>\n<\/blockquote>\n<p>VEJA TAMB\u00c9M:<\/p>\n<p>Refor\u00e7ando a mensagem, o ministro da Casa Civil, Rui Costa, afirmou que \u201co Plano Clima representa um novo passo do governo do presidente Lula para posicionar o Brasil na lideran\u00e7a global da agenda ambiental\u201d. Segundo ele, a iniciativa \u201c\u00e9 tamb\u00e9m um chamado \u00e0 a\u00e7\u00e3o para estados, munic\u00edpios, setor privado e sociedade civil\u201d.<\/p>\n<p>A pretens\u00e3o de lideran\u00e7a mundial reflete o ilus\u00f3rio conceito de \u201cpot\u00eancia verde\u201d, a inten\u00e7\u00e3o de converter o Pa\u00eds em um prestador de \u201cservi\u00e7os ambientais\u201d globais, colocando os seus biomas como contrapartidas para a atra\u00e7\u00e3o de investimentos carimbados como \u201cverdes\u201d ou \u201csustent\u00e1veis\u201d \u2014 impulso que, como j\u00e1 observei nesta coluna, encontra-se em pleno recuo no \u00e2mbito internacional.<\/p>\n<p>Resumindo, independentemente dos detalhes da compet\u00eancia t\u00e9cnica e da seriedade dos seus 24 mil colaboradores, sua orienta\u00e7\u00e3o geral est\u00e1 fora de sintonia com a realidade.<\/p>\n<p>Ou, em outras palavras, \u00e9 uma agenda para uma virtual \u201cimpot\u00eancia verde\u201d.<\/p>\n<\/div>\n<h2>Voc\u00ea pode se interessar<\/h2>\n<p>Encontrou algo errado na mat\u00e9ria?<\/p>\n<p>Comunique erros<\/p>\n<p>Use este espa\u00e7o apenas para a comunica\u00e7\u00e3o de erros<\/p>\n<\/div>","protected":false},"excerpt":{"rendered":"<p>Plano Clima aposta em metas irreais e ignora limites tecnol\u00f3gicos e econ\u00f4micos; insiste numa agenda global que j\u00e1 perde for\u00e7a&hellip;<\/p>\n","protected":false},"author":4,"featured_media":324026,"comment_status":"open","ping_status":"open","sticky":false,"template":"","format":"standard","meta":{"footnotes":""},"categories":[204],"tags":[],"class_list":["post-325269","post","type-post","status-publish","format-standard","has-post-thumbnail","hentry","category-ultimas-noticias"],"_links":{"self":[{"href":"https:\/\/villanews.com.br\/index.php?rest_route=\/wp\/v2\/posts\/325269","targetHints":{"allow":["GET"]}}],"collection":[{"href":"https:\/\/villanews.com.br\/index.php?rest_route=\/wp\/v2\/posts"}],"about":[{"href":"https:\/\/villanews.com.br\/index.php?rest_route=\/wp\/v2\/types\/post"}],"author":[{"embeddable":true,"href":"https:\/\/villanews.com.br\/index.php?rest_route=\/wp\/v2\/users\/4"}],"replies":[{"embeddable":true,"href":"https:\/\/villanews.com.br\/index.php?rest_route=%2Fwp%2Fv2%2Fcomments&post=325269"}],"version-history":[{"count":0,"href":"https:\/\/villanews.com.br\/index.php?rest_route=\/wp\/v2\/posts\/325269\/revisions"}],"wp:featuredmedia":[{"embeddable":true,"href":"https:\/\/villanews.com.br\/index.php?rest_route=\/wp\/v2\/media\/324026"}],"wp:attachment":[{"href":"https:\/\/villanews.com.br\/index.php?rest_route=%2Fwp%2Fv2%2Fmedia&parent=325269"}],"wp:term":[{"taxonomy":"category","embeddable":true,"href":"https:\/\/villanews.com.br\/index.php?rest_route=%2Fwp%2Fv2%2Fcategories&post=325269"},{"taxonomy":"post_tag","embeddable":true,"href":"https:\/\/villanews.com.br\/index.php?rest_route=%2Fwp%2Fv2%2Ftags&post=325269"}],"curies":[{"name":"wp","href":"https:\/\/api.w.org\/{rel}","templated":true}]}}