{"id":325009,"date":"2026-03-31T08:57:52","date_gmt":"2026-03-31T12:57:52","guid":{"rendered":"https:\/\/villanews.com.br\/?p=325009"},"modified":"2026-03-31T08:57:52","modified_gmt":"2026-03-31T12:57:52","slug":"rotam-localiza-segundo-menor-suspeito-por-tentativa-de-homicidio-em-caceres","status":"publish","type":"post","link":"https:\/\/villanews.com.br\/?p=325009","title":{"rendered":"Rotam localiza segundo menor suspeito por tentativa de homic\u00eddio em C\u00e1ceres"},"content":{"rendered":"<div class=\"component-html\" data-lfr-editable-id=\"element-html\" data-lfr-editable-type=\"html\">\n<small>COM APOIO DO VIGIA MAIS MT<\/small>\n<h2><strong>Rotam localiza segundo menor suspeito por tentativa de homic\u00eddio em C\u00e1ceres<\/strong><\/h2>\n<hr \/>\n<h5>31 de Mar\u00e7o de 2026 \u00e0s 11:58<\/h5>\n<h5>O comparsa, de 16 anos, j\u00e1 havia sido apreendido anteriormente durante abordagens no munic\u00edpio<\/h5>\n<div><span>Wellyngton Souza<\/span> | <span>PMMT<\/span>\n<\/div>\n<p> <img decoding=\"async\" src=\"https:\/\/www.pm.mt.gov.br\/o\/adaptive-media\/image\/76694551\/Thumbnail-1024x1024\/ROTAM%20VIATURA%20(2).jpg\" title=\" \" \/><\/p>\n<div><a>A<\/a> | <a>A<\/a>\n<\/div>\n<div class=\"full-content\">\n<p>Policiais militares do Batalh\u00e3o de Ronda Ostensiva T\u00e1tica M\u00f3vel (Rotam), do 6\u00ba Comando Regional, apreenderam o segundo adolescente, de 17 anos, suspeito de tentativa de homic\u00eddio contra um integrante de fac\u00e7\u00e3o rival, na noite desta segunda-feira (30.3). C\u00e2meras do programa Vigia Mais MT auxiliaram na localiza\u00e7\u00e3o do suspeito.<\/p>\n<p>O crime ocorreu em um bar no bairro Carvalhada. Um homem, de 40 anos, foi baleado na perna, e uma jovem de 19 anos sofreu um ferimento de rasp\u00e3o durante a a\u00e7\u00e3o. Ap\u00f3s o crime, um adolescente, de 16 anos, foi detido sobre um telhado durante tentativa de fuga. \u00c0 PM, ele confessou que o comparsa havia fugido, momentos antes da abordagem, com a arma de fogo.<\/p>\n<p>Durante rondas pelo munic\u00edpio, os policiais militares da Rotam, com apoio da Cavalaria e aux\u00edlio das c\u00e2meras de seguran\u00e7a do Vigia Mais MT, localizaram o segundo envolvido no bairro Jardim Imperial. O suspeito tentou fugir, mas foi abordado e detido em seguida. Com ele, as equipes apreenderam sete muni\u00e7\u00f5es de calibre .38 intactas e outras tr\u00eas deflagradas.<\/p>\n<p>Aos policiais, ele confessou ter pilotado a motocicleta utilizada na tentativa de homic\u00eddio e indicou onde estavam as roupas utilizadas no crime. Durante a checagem, as equipes identificaram que ele tamb\u00e9m havia participado de uma tentativa de homic\u00eddio contra duas mulheres, no bairro Vista Alegre, no \u00faltimo s\u00e1bado (28.3).<\/p>\n<p><img decoding=\"async\" src=\"https:\/\/www.pm.mt.gov.br\/documents\/d\/pm\/whatsapp-image-2026-03-31-at-10-35-54-jpeg?imageThumbnail=3\" \/><br \/>\n<br \/> \u00a0<\/p>\n<p><img decoding=\"async\" src=\"https:\/\/www.pm.mt.gov.br\/documents\/d\/pm\/whatsapp-image-2026-03-31-at-10-18-52-1-jpeg?imageThumbnail=3\" \/><br \/>\n<br \/> \u00a0<\/p>\n<p><strong>Disque-den\u00fancia<\/strong><\/p>\n<p>A sociedade pode contribuir com as a\u00e7\u00f5es da Pol\u00edcia Militar de qualquer cidade do Estado, sem precisar se identificar, por meio do 190 ou 0800.065.3939.<\/p>\n<\/div>\n<\/div>","protected":false},"excerpt":{"rendered":"<p>COM APOIO DO VIGIA MAIS MT Rotam localiza segundo menor suspeito por tentativa de homic\u00eddio em C\u00e1ceres 31 de Mar\u00e7o&hellip;<\/p>\n","protected":false},"author":4,"featured_media":55717,"comment_status":"open","ping_status":"open","sticky":false,"template":"","format":"standard","meta":{"footnotes":""},"categories":[172],"tags":[],"class_list":["post-325009","post","type-post","status-publish","format-standard","has-post-thumbnail","hentry","category-policia"],"_links":{"self":[{"href":"https:\/\/villanews.com.br\/index.php?rest_route=\/wp\/v2\/posts\/325009","targetHints":{"allow":["GET"]}}],"collection":[{"href":"https:\/\/villanews.com.br\/index.php?rest_route=\/wp\/v2\/posts"}],"about":[{"href":"https:\/\/villanews.com.br\/index.php?rest_route=\/wp\/v2\/types\/post"}],"author":[{"embeddable":true,"href":"https:\/\/villanews.com.br\/index.php?rest_route=\/wp\/v2\/users\/4"}],"replies":[{"embeddable":true,"href":"https:\/\/villanews.com.br\/index.php?rest_route=%2Fwp%2Fv2%2Fcomments&post=325009"}],"version-history":[{"count":0,"href":"https:\/\/villanews.com.br\/index.php?rest_route=\/wp\/v2\/posts\/325009\/revisions"}],"wp:featuredmedia":[{"embeddable":true,"href":"https:\/\/villanews.com.br\/index.php?rest_route=\/wp\/v2\/media\/55717"}],"wp:attachment":[{"href":"https:\/\/villanews.com.br\/index.php?rest_route=%2Fwp%2Fv2%2Fmedia&parent=325009"}],"wp:term":[{"taxonomy":"category","embeddable":true,"href":"https:\/\/villanews.com.br\/index.php?rest_route=%2Fwp%2Fv2%2Fcategories&post=325009"},{"taxonomy":"post_tag","embeddable":true,"href":"https:\/\/villanews.com.br\/index.php?rest_route=%2Fwp%2Fv2%2Ftags&post=325009"}],"curies":[{"name":"wp","href":"https:\/\/api.w.org\/{rel}","templated":true}]}}