{"id":324812,"date":"2026-03-31T07:21:41","date_gmt":"2026-03-31T11:21:41","guid":{"rendered":"https:\/\/villanews.com.br\/?p=324812"},"modified":"2026-03-31T07:21:41","modified_gmt":"2026-03-31T11:21:41","slug":"policia-civil-retira-de-circulacao-armamentos-que-seriam-empregados-por-faccao-criminosa-em-aripuana","status":"publish","type":"post","link":"https:\/\/villanews.com.br\/?p=324812","title":{"rendered":"Pol\u00edcia Civil retira de circula\u00e7\u00e3o armamentos que seriam empregados por fac\u00e7\u00e3o criminosa em Aripuan\u00e3"},"content":{"rendered":"<div class=\"component-html\" data-lfr-editable-id=\"element-html\" data-lfr-editable-type=\"html\">\n<small>CUMPRIMENTO DE MANDADO<\/small>\n<h2><strong>Pol\u00edcia Civil retira de circula\u00e7\u00e3o armamentos que seriam empregados por fac\u00e7\u00e3o criminosa em Aripuan\u00e3<\/strong><\/h2>\n<hr \/>\n<h5>31 de Mar\u00e7o de 2026 \u00e0s 11:01<\/h5>\n<h5>Um homem acabou conduzido, em flagrante, \u00e0 delegacia por posse ilegal de arma de fogo de uso restrito, em Aripuan\u00e3<\/h5>\n<div><span>Assessoria<\/span> | <span>Pol\u00edcia Civil-MT<\/span>\n<\/div>\n<p> <img decoding=\"async\" src=\"https:\/\/www.pjc.mt.gov.br\/o\/adaptive-media\/image\/70579154\/Thumbnail-1024x1024\/Aripuan%C3%A3.jpg\" title=\" \" \/><\/p>\n<div><a>A<\/a> | <a>A<\/a>\n<\/div>\n<div class=\"full-content\">\n<p>A Pol\u00edcia Civil deu cumprimento a um mandado de busca e apreens\u00e3o que culminou na retirada de circula\u00e7\u00e3o de duas armas de fogo, em Aripuan\u00e3.<\/p>\n<p>Um homem, de 32 anos, foi preso em flagrante.<\/p>\n<p>Na a\u00e7\u00e3o, foram apreendidas duas pistolas, que estavam escondidas no interior da resid\u00eancia do suspeito.<\/p>\n<p>Diante do flagrante, o homem foi conduzido \u00e0 Delegacia de Pol\u00edcia Civil de Aripuan\u00e3 para a realiza\u00e7\u00e3o dos procedimentos legais cab\u00edveis.<\/p>\n<p>O suspeito dever\u00e1 responder pelo crime de posse ilegal de arma de fogo de uso restrito, previsto no art. 16, com pena de reclus\u00e3o de tr\u00eas a seis anos.<\/p>\n<p>O material apreendido tamb\u00e9m foi entregue na delegacia e submetido \u00e0 cadeia de cust\u00f3dia.<\/p>\n<p>A a\u00e7\u00e3o contou com participa\u00e7\u00e3o das equipes policiais da Delegacia de Aripuan\u00e3 e da Coordenadoria de Opera\u00e7\u00f5es e Recursos Especiais (Core) da Pol\u00edcia Civil.<\/p>\n<\/div>\n<\/div>","protected":false},"excerpt":{"rendered":"<p>CUMPRIMENTO DE MANDADO Pol\u00edcia Civil retira de circula\u00e7\u00e3o armamentos que seriam empregados por fac\u00e7\u00e3o criminosa em Aripuan\u00e3 31 de Mar\u00e7o&hellip;<\/p>\n","protected":false},"author":4,"featured_media":55717,"comment_status":"open","ping_status":"open","sticky":false,"template":"","format":"standard","meta":{"footnotes":""},"categories":[172],"tags":[],"class_list":["post-324812","post","type-post","status-publish","format-standard","has-post-thumbnail","hentry","category-policia"],"_links":{"self":[{"href":"https:\/\/villanews.com.br\/index.php?rest_route=\/wp\/v2\/posts\/324812","targetHints":{"allow":["GET"]}}],"collection":[{"href":"https:\/\/villanews.com.br\/index.php?rest_route=\/wp\/v2\/posts"}],"about":[{"href":"https:\/\/villanews.com.br\/index.php?rest_route=\/wp\/v2\/types\/post"}],"author":[{"embeddable":true,"href":"https:\/\/villanews.com.br\/index.php?rest_route=\/wp\/v2\/users\/4"}],"replies":[{"embeddable":true,"href":"https:\/\/villanews.com.br\/index.php?rest_route=%2Fwp%2Fv2%2Fcomments&post=324812"}],"version-history":[{"count":0,"href":"https:\/\/villanews.com.br\/index.php?rest_route=\/wp\/v2\/posts\/324812\/revisions"}],"wp:featuredmedia":[{"embeddable":true,"href":"https:\/\/villanews.com.br\/index.php?rest_route=\/wp\/v2\/media\/55717"}],"wp:attachment":[{"href":"https:\/\/villanews.com.br\/index.php?rest_route=%2Fwp%2Fv2%2Fmedia&parent=324812"}],"wp:term":[{"taxonomy":"category","embeddable":true,"href":"https:\/\/villanews.com.br\/index.php?rest_route=%2Fwp%2Fv2%2Fcategories&post=324812"},{"taxonomy":"post_tag","embeddable":true,"href":"https:\/\/villanews.com.br\/index.php?rest_route=%2Fwp%2Fv2%2Ftags&post=324812"}],"curies":[{"name":"wp","href":"https:\/\/api.w.org\/{rel}","templated":true}]}}