{"id":324618,"date":"2026-03-31T06:21:21","date_gmt":"2026-03-31T10:21:21","guid":{"rendered":"https:\/\/villanews.com.br\/?p=324618"},"modified":"2026-03-31T06:21:21","modified_gmt":"2026-03-31T10:21:21","slug":"policia-civil-prende-jovem-por-ameacar-e-atear-fogo-na-casa-da-mae-em-cuiaba","status":"publish","type":"post","link":"https:\/\/villanews.com.br\/?p=324618","title":{"rendered":"Pol\u00edcia Civil prende jovem por amea\u00e7ar e atear fogo na casa da m\u00e3e em Cuiab\u00e1"},"content":{"rendered":"<div class=\"component-html\" data-lfr-editable-id=\"element-html\" data-lfr-editable-type=\"html\">\n<small>MANDADO CUMPRIDO<\/small>\n<h2><strong>Pol\u00edcia Civil prende jovem por amea\u00e7ar e atear fogo na casa da m\u00e3e em Cuiab\u00e1<\/strong><\/h2>\n<hr \/>\n<h5>31 de Mar\u00e7o de 2026 \u00e0s 09:38<\/h5>\n<h5>O suspeito teve a pris\u00e3o preventiva decretada durante investiga\u00e7\u00e3o da Delegacia Especializada de Defesa da Mulher de Cuiab\u00e1<\/h5>\n<div><span>Assessoria<\/span> | <span>Pol\u00edcia Civil &#8211; MT<\/span>\n<\/div>\n<div>\n     PC-MT\n    <\/div>\n<p> <img decoding=\"async\" src=\"https:\/\/www.pjc.mt.gov.br\/o\/adaptive-media\/image\/67286597\/Thumbnail-1024x1024\/DEDM%20CUIAB%C3%81%20atual\" title=\" PC-MT\" \/><\/p>\n<div><a>A<\/a> | <a>A<\/a>\n<\/div>\n<div class=\"full-content\">\n<p>Um homem investigado por crimes de viol\u00eancia dom\u00e9stica, amea\u00e7as e dano qualificado contra a pr\u00f3pria m\u00e3e em Cuiab\u00e1,\u00a0foi preso pela Pol\u00edcia Civil, na segunda-feira (30.3), em cumprimento de mandado judicial.<\/p>\n<p>Com a ordem de pris\u00e3o preventiva decretada pela 2\u00aa Vara Especializada de Viol\u00eancia Dom\u00e9stica e Familiar Contra a Mulher, o suspeito, de 25 anos, foi preso em V\u00e1rzea Grande, pela equipe da Delegacia Especializada de Defesa da Mulher de Cuiab\u00e1.<\/p>\n<p>A Pol\u00edcia Civil pediu a pris\u00e3o preventiva do jovem ap\u00f3s investigar uma s\u00e9rie de epis\u00f3dios de viol\u00eancia contra a pr\u00f3pria m\u00e3e, com quem ele morava.<\/p>\n<p>A v\u00edtima relatou que as agress\u00f5es vinham ocorrendo de forma cont\u00ednua, envolvendo amea\u00e7as de morte, viol\u00eancia moral e danos ao patrim\u00f4nio familiar, criando um ambiente constante de medo e tens\u00e3o dentro da resid\u00eancia.<\/p>\n<p>No dia 7 de fevereiro deste ano, o filho ateou fogo na resid\u00eancia da m\u00e3e, causando danos estruturais no im\u00f3vel, incluindo janelas, paredes, fia\u00e7\u00e3o el\u00e9trica, o disjuntor e o casco de uma geladeira. A a\u00e7\u00e3o colocou em risco n\u00e3o apenas a vida da v\u00edtima, mas tamb\u00e9m de outros familiares e vizinhos.<\/p>\n<p>Conforme apurado, o jovem \u00e9 usu\u00e1rio de droga e apresenta comportamento extremamente agressivo. Segundo a v\u00edtima, ele j\u00e1 havia sido preso anteriormente por amea\u00e7as e danos, mas, ap\u00f3s ser colocado em liberdade, voltou a praticar condutas violentas.<\/p>\n<p>A delegada titular da DEDM de Cuiab\u00e1, Jud\u00e1 Marcondes, explicou que em depoimento a v\u00edtima afirmou viver em constante estado de medo, relatando risco iminente \u00e0 sua integridade f\u00edsica e \u00e0 de seus familiares, uma vez que o suspeito teria amea\u00e7ado incendiar novamente a resid\u00eancia e matar todos caso a pol\u00edcia fosse acionada.<\/p>\n<p>\u201cDiante da gravidade dos fatos e do risco \u00e0 v\u00edtima, a Pol\u00edcia Civil representou pela pris\u00e3o preventiva do investigado, medida que foi deferida pelo Poder Judici\u00e1rio\u201d, destacou Jud\u00e1 Marcondes.<\/p>\n<p>Ap\u00f3s a expedi\u00e7\u00e3o do mandado judicial, a equipe de capturas da Delegacia Especializada de Defesa da Mulher realizou dilig\u00eancias e efetuou a pris\u00e3o do procurado no bairro Capela do Pi\u00e7arr\u00e3o, em V\u00e1rzea Grande.<\/p>\n<p>Em seguida o preso foi conduzido para as provid\u00eancias cab\u00edveis e posteriormente colocado \u00e0 disposi\u00e7\u00e3o da Justi\u00e7a.<\/p>\n<p>A Pol\u00edcia Civil refor\u00e7a que casos de viol\u00eancia dom\u00e9stica devem ser denunciados e que a atua\u00e7\u00e3o r\u00e1pida das autoridades \u00e9 fundamental para interromper ciclos de viol\u00eancia e garantir a prote\u00e7\u00e3o das v\u00edtimas. Den\u00fancias podem ser realizadas pelo telefone 197 ou diretamente em uma unidade policial.<\/p>\n<\/div>\n<\/div>","protected":false},"excerpt":{"rendered":"<p>MANDADO CUMPRIDO Pol\u00edcia Civil prende jovem por amea\u00e7ar e atear fogo na casa da m\u00e3e em Cuiab\u00e1 31 de Mar\u00e7o&hellip;<\/p>\n","protected":false},"author":4,"featured_media":55717,"comment_status":"open","ping_status":"open","sticky":false,"template":"","format":"standard","meta":{"footnotes":""},"categories":[172],"tags":[],"class_list":["post-324618","post","type-post","status-publish","format-standard","has-post-thumbnail","hentry","category-policia"],"_links":{"self":[{"href":"https:\/\/villanews.com.br\/index.php?rest_route=\/wp\/v2\/posts\/324618","targetHints":{"allow":["GET"]}}],"collection":[{"href":"https:\/\/villanews.com.br\/index.php?rest_route=\/wp\/v2\/posts"}],"about":[{"href":"https:\/\/villanews.com.br\/index.php?rest_route=\/wp\/v2\/types\/post"}],"author":[{"embeddable":true,"href":"https:\/\/villanews.com.br\/index.php?rest_route=\/wp\/v2\/users\/4"}],"replies":[{"embeddable":true,"href":"https:\/\/villanews.com.br\/index.php?rest_route=%2Fwp%2Fv2%2Fcomments&post=324618"}],"version-history":[{"count":0,"href":"https:\/\/villanews.com.br\/index.php?rest_route=\/wp\/v2\/posts\/324618\/revisions"}],"wp:featuredmedia":[{"embeddable":true,"href":"https:\/\/villanews.com.br\/index.php?rest_route=\/wp\/v2\/media\/55717"}],"wp:attachment":[{"href":"https:\/\/villanews.com.br\/index.php?rest_route=%2Fwp%2Fv2%2Fmedia&parent=324618"}],"wp:term":[{"taxonomy":"category","embeddable":true,"href":"https:\/\/villanews.com.br\/index.php?rest_route=%2Fwp%2Fv2%2Fcategories&post=324618"},{"taxonomy":"post_tag","embeddable":true,"href":"https:\/\/villanews.com.br\/index.php?rest_route=%2Fwp%2Fv2%2Ftags&post=324618"}],"curies":[{"name":"wp","href":"https:\/\/api.w.org\/{rel}","templated":true}]}}