{"id":324617,"date":"2026-03-31T06:57:37","date_gmt":"2026-03-31T10:57:37","guid":{"rendered":"https:\/\/villanews.com.br\/?p=324617"},"modified":"2026-03-31T06:57:37","modified_gmt":"2026-03-31T10:57:37","slug":"policia-militar-apreende-adolescente-envolvido-em-tentativa-de-homicidio-contra-faccionado-rival","status":"publish","type":"post","link":"https:\/\/villanews.com.br\/?p=324617","title":{"rendered":"Pol\u00edcia Militar apreende adolescente envolvido em tentativa de homic\u00eddio contra faccionado rival"},"content":{"rendered":"<div class=\"component-html\" data-lfr-editable-id=\"element-html\" data-lfr-editable-type=\"html\">\n<small>EM C\u00c1CERES<\/small>\n<h2><strong>Pol\u00edcia Militar apreende adolescente envolvido em tentativa de homic\u00eddio contra faccionado rival<\/strong><\/h2>\n<hr \/>\n<h5>31 de Mar\u00e7o de 2026 \u00e0s 09:58<\/h5>\n<h5>Durante a\u00e7\u00e3o criminosa, uma jovem, de 19 anos, foi baleada de rasp\u00e3o<\/h5>\n<div><span>Wellyngton Souza<\/span> | <span>PMMT<\/span>\n<\/div>\n<p> <img decoding=\"async\" src=\"https:\/\/www.pm.mt.gov.br\/o\/adaptive-media\/image\/78528303\/Thumbnail-1024x1024\/WhatsApp%20Image%202026-03-31%20at%2007.42.25%20(1).jpeg\" title=\" \" \/><\/p>\n<div><a>A<\/a> | <a>A<\/a>\n<\/div>\n<div class=\"full-content\">\n<p>Policiais militares do 6\u00ba Comando Regional apreenderam, na noite desta segunda-feira (30.3), em C\u00e1ceres (a 220 km de Cuiab\u00e1), um adolescente de 16 anos suspeito de tentar matar um integrante de fac\u00e7\u00e3o rival. Um homem de 40 anos foi baleado na perna, e uma jovem de 19 anos sofreu um ferimento de rasp\u00e3o durante a a\u00e7\u00e3o.<\/p>\n<p>As equipes receberam informa\u00e7\u00f5es sobre a a\u00e7\u00e3o criminosa em um bar, no bairro Carvalhada II. Testemunhas relataram que dois homens chegaram inicialmente a uma barbearia situada ao lado do estabelecimento comercial, em atitude suspeita.<\/p>\n<p>Assim que entraram no local da ocorr\u00eancia, um dos denunciados efetuou disparos de arma de fogo contra o homem, que foi ferido na perna. Uma segunda v\u00edtima tamb\u00e9m foi atingida de rasp\u00e3o pelo proj\u00e9til. Ap\u00f3s os disparos, eles fugiram em uma motocicleta. O homem e a mulher foram socorridos at\u00e9 o Hospital Regional.<\/p>\n<p>Diante dos fatos, os policiais militares intensificaram as a\u00e7\u00f5es de patrulhamento t\u00e1tico e ostensivo e identificaram o suspeito saindo de uma vila residencial, no bairro Jardim Cidade Nova, com motorista de aplicativo. Ao perceber aproxima\u00e7\u00e3o das equipes, ele tentou fugir saltando muros de diversas casas, no entanto, foi localizado e detido em cima de um telhado.\u00a0<\/p>\n<p>\u00c0 PM, o suspeito confessou a participa\u00e7\u00e3o na tentativa de homic\u00eddio contra um faccionado rival e revelou que receberia R$ 3 mil pelo crime. Al\u00e9m disso, ele contou que o comparsa havia fugido momentos antes com as armas utilizadas na tentativa de homic\u00eddio.\u00a0<\/p>\n<p>Os policiais militares realizaram buscas na casa em que ele foi visto anteriormente e apreenderam uma motocicleta, uma balan\u00e7a de precis\u00e3o, um cart\u00e3o e uma por\u00e7\u00e3o de subst\u00e2ncia an\u00e1loga \u00e0 maconha. O menor foi encaminhado \u00e0 delegacia.<\/p>\n<p><img decoding=\"async\" src=\"https:\/\/www.pm.mt.gov.br\/documents\/d\/pm\/whatsapp-image-2026-03-31-at-07-42-25-3-jpeg?imageThumbnail=3\" \/><br \/>\n<br \/> <strong>Disque-den\u00fancia<\/strong><\/p>\n<p>A sociedade pode contribuir com as a\u00e7\u00f5es da Pol\u00edcia Militar de qualquer cidade do Estado, sem precisar se identificar, por meio do 190 ou 0800.065.3939.<\/p>\n<\/div>\n<\/div>","protected":false},"excerpt":{"rendered":"<p>EM C\u00c1CERES Pol\u00edcia Militar apreende adolescente envolvido em tentativa de homic\u00eddio contra faccionado rival 31 de Mar\u00e7o de 2026 \u00e0s&hellip;<\/p>\n","protected":false},"author":4,"featured_media":55717,"comment_status":"open","ping_status":"open","sticky":false,"template":"","format":"standard","meta":{"footnotes":""},"categories":[172],"tags":[],"class_list":["post-324617","post","type-post","status-publish","format-standard","has-post-thumbnail","hentry","category-policia"],"_links":{"self":[{"href":"https:\/\/villanews.com.br\/index.php?rest_route=\/wp\/v2\/posts\/324617","targetHints":{"allow":["GET"]}}],"collection":[{"href":"https:\/\/villanews.com.br\/index.php?rest_route=\/wp\/v2\/posts"}],"about":[{"href":"https:\/\/villanews.com.br\/index.php?rest_route=\/wp\/v2\/types\/post"}],"author":[{"embeddable":true,"href":"https:\/\/villanews.com.br\/index.php?rest_route=\/wp\/v2\/users\/4"}],"replies":[{"embeddable":true,"href":"https:\/\/villanews.com.br\/index.php?rest_route=%2Fwp%2Fv2%2Fcomments&post=324617"}],"version-history":[{"count":0,"href":"https:\/\/villanews.com.br\/index.php?rest_route=\/wp\/v2\/posts\/324617\/revisions"}],"wp:featuredmedia":[{"embeddable":true,"href":"https:\/\/villanews.com.br\/index.php?rest_route=\/wp\/v2\/media\/55717"}],"wp:attachment":[{"href":"https:\/\/villanews.com.br\/index.php?rest_route=%2Fwp%2Fv2%2Fmedia&parent=324617"}],"wp:term":[{"taxonomy":"category","embeddable":true,"href":"https:\/\/villanews.com.br\/index.php?rest_route=%2Fwp%2Fv2%2Fcategories&post=324617"},{"taxonomy":"post_tag","embeddable":true,"href":"https:\/\/villanews.com.br\/index.php?rest_route=%2Fwp%2Fv2%2Ftags&post=324617"}],"curies":[{"name":"wp","href":"https:\/\/api.w.org\/{rel}","templated":true}]}}