{"id":324431,"date":"2026-03-31T05:57:23","date_gmt":"2026-03-31T09:57:23","guid":{"rendered":"https:\/\/villanews.com.br\/?p=324431"},"modified":"2026-03-31T05:57:23","modified_gmt":"2026-03-31T09:57:23","slug":"governo-de-mt-reconhece-23-mil-profissionais-da-seguranca-com-premiacao-de-r-18-milhao","status":"publish","type":"post","link":"https:\/\/villanews.com.br\/?p=324431","title":{"rendered":"Governo de MT reconhece 2,3 mil profissionais da seguran\u00e7a com premia\u00e7\u00e3o de R$ 1,8 milh\u00e3o"},"content":{"rendered":"<div class=\"component-html\" data-lfr-editable-id=\"element-html\" data-lfr-editable-type=\"html\">\n<small>VALORIZA\u00c7\u00c3O<\/small>\n<h2><strong>Governo de MT reconhece 2,3 mil profissionais da seguran\u00e7a com premia\u00e7\u00e3o de R$ 1,8 milh\u00e3o<\/strong><\/h2>\n<hr \/>\n<h5>31 de Mar\u00e7o de 2026 \u00e0s 08:58<\/h5>\n<h5>Programa avalia desempenho com base em crit\u00e9rios objetivos, como apreens\u00f5es, redu\u00e7\u00e3o da criminalidade e a\u00e7\u00f5es de resgate<\/h5>\n<div><span>Alecy Alves<\/span> | <span>Sesp-MT<\/span>\n<\/div>\n<p> <img decoding=\"async\" src=\"https:\/\/www.pm.mt.gov.br\/o\/adaptive-media\/image\/78527650\/Thumbnail-1024x1024\/9A3A5187.jpg\" title=\" \" \/><\/p>\n<div><a>A<\/a> | <a>A<\/a>\n<\/div>\n<div class=\"full-content\">\n<p>O Governo de Mato Grosso realizou, nesta segunda-feira (30.3), a primeira edi\u00e7\u00e3o da Premia\u00e7\u00e3o Anual por Efici\u00eancia e Resultado (PAER), no Pal\u00e1cio Paiagu\u00e1s. Ao todo, R$ 1,8 milh\u00e3o foram destinados a 2.300 agentes das for\u00e7as de seguran\u00e7a.<\/p>\n<p>Criada em outubro de 2025, a premia\u00e7\u00e3o reconhece o desempenho de profissionais das Pol\u00edcias Civil e Militar, Corpo de Bombeiros e Per\u00edcia Oficial e Identifica\u00e7\u00e3o T\u00e9cnica (Politec). O b\u00f4nus em dinheiro considera a\u00e7\u00f5es que v\u00e3o al\u00e9m das fun\u00e7\u00f5es cotidianas, como apreens\u00e3o de drogas e armas, resgates, redu\u00e7\u00e3o de \u00edndices criminais e combate a invas\u00f5es ilegais de terras, entre outros crit\u00e9rios.<\/p>\n<p>A papiloscopista da Politec, Lurdes Rodrigues de Sousa Neves, de 70 anos, soma 49 anos de servi\u00e7o dedicados \u00e0 an\u00e1lise de impress\u00f5es digitais. Ela afirma que nunca imaginou ser reconhecida oficialmente ainda em atividade.<\/p>\n<p>\u201c\u00c9 o primeiro reconhecimento que recebo. Estou com planos de me aposentar este ano. Ent\u00e3o, n\u00e3o importa o valor que estou recebendo, o mais importante \u00e9 esse registro como servidora\u201d, disse.<\/p>\n<p>Com 21 anos de carreira, o subtenente do Corpo de Bombeiros Diones Nunes Sirqueira destacou o impacto da iniciativa na motiva\u00e7\u00e3o dos profissionais.<\/p>\n<p> \u201cValorizar pela especializa\u00e7\u00e3o em uma atividade, como prev\u00ea esse programa, era algo que eu esperava, mas n\u00e3o acreditava que fosse acontecer. E esse Governo fez\u201d, afirmou.<\/p>\n<p>O governador Mauro Mendes ressaltou que a efici\u00eancia \u00e9 um dos princ\u00edpios da administra\u00e7\u00e3o p\u00fablica previstos na Constitui\u00e7\u00e3o de 1988. Segundo ele, o programa cria crit\u00e9rios objetivos para reconhecer o desempenho dos servidores.<\/p>\n<p> \u201cCom crit\u00e9rios justos, damos a oportunidade para que produzam mais e tamb\u00e9m sejam melhor remunerados, o que gera satisfa\u00e7\u00e3o ao cidad\u00e3o\u201d, disse.<\/p>\n<p>O vice-governador Otaviano Pivetta destacou a import\u00e2ncia do fortalecimento da seguran\u00e7a p\u00fablica.<\/p>\n<p> \u201cTodas as pesquisas mostram a seguran\u00e7a como a principal preocupa\u00e7\u00e3o da popula\u00e7\u00e3o. Nunca o pa\u00eds precisou tanto desses profissionais. Em Mato Grosso, seguimos avan\u00e7ando com investimentos e no combate ao crime organizado\u201d, afirmou.<\/p>\n<p>O secret\u00e1rio de Estado de Seguran\u00e7a P\u00fablica, coronel PM C\u00e9sar Roveri, explicou que a iniciativa segue modelo j\u00e1 adotado em outras \u00e1reas, como a Educa\u00e7\u00e3o (Seduc). Segundo ele, foram definidos 36 crit\u00e9rios de avalia\u00e7\u00e3o por uma comiss\u00e3o da Sesp, com acompanhamento da Controladoria Geral do Estado.<\/p>\n<p>Roveri destacou ainda que, nesta primeira edi\u00e7\u00e3o, foram analisados os resultados de novembro e dezembro de 2025, j\u00e1 que o programa foi lan\u00e7ado em outubro.<\/p>\n<p>\u201cTemos os melhores armamentos, infraestrutura e programas como o Vigia Mais, que leva videomonitoramento a todos os munic\u00edpios. A seguran\u00e7a avan\u00e7ou como nunca\u201d, afirmou.<\/p>\n<p>Para o comandante da Pol\u00edcia Militar, coronel Fernando Tinoco, a premia\u00e7\u00e3o valoriza os profissionais e contribui para a qualidade de vida das fam\u00edlias. J\u00e1 o comandante-geral do Corpo de Bombeiros, Fl\u00e1vio Gl\u00eadson Vieira Bezerra, ressaltou que o reconhecimento aumenta a motiva\u00e7\u00e3o da tropa.<\/p>\n<p>O governador Mauro Mendes disse que se o Estado fez grandes e importantes investimentos foi por conta da boa gest\u00e3o e recupera\u00e7\u00e3o fiscal do Estado. Sobre a efici\u00eancia, ele lembrou que \u00e9 um dos cinco princ\u00edpios da administra\u00e7\u00e3o p\u00fablica previsto a partir da Constitui\u00e7\u00e3o Brasileira de 1988.<\/p>\n<p>No caso do programa PAER, Mendes disse que ao longo do seu governo, assim como fez na Educa\u00e7\u00e3o, se pensou em um programa para a Seguran\u00e7a que pudesse estabelecer m\u00e9tricas claras e objetivas que pudessem comparar e premiar quem produz mais resultados.<\/p>\n<p>\u201cCom crit\u00e9rios justos, no ponto de vista do est\u00edmulo, entendemos ao darmos a oportunidade para produzirem mais e ganhar mais, tamb\u00e9m geramos satisfa\u00e7\u00e3o ao cidad\u00e3o\u201d, analisou o governador.<\/p>\n<p>\u201cTodas as pesquisas mostram a seguran\u00e7a p\u00fablica como a principal preocupa\u00e7\u00e3o da popula\u00e7\u00e3o brasileira. Ent\u00e3o, nunca o pa\u00eds precisou tanto de voc\u00eas, profissionais da seguran\u00e7a.\u00a0 Isso n\u00e3o \u00e9 diferente em Mato Grosso, mesmo sabendo que avan\u00e7amos muito em investimentos, mas, garanto, os esfor\u00e7os v\u00e3o continuar, com investimentos e combate a ousadia do crime organizado\u201d, destacou o vice-governador Otaviano Pivetta. \u00a0\u00a0\u00a0\u00a0\u00a0\u00a0<\/p>\n<\/div>\n<\/div>","protected":false},"excerpt":{"rendered":"<p>VALORIZA\u00c7\u00c3O Governo de MT reconhece 2,3 mil profissionais da seguran\u00e7a com premia\u00e7\u00e3o de R$ 1,8 milh\u00e3o 31 de Mar\u00e7o de&hellip;<\/p>\n","protected":false},"author":4,"featured_media":55717,"comment_status":"open","ping_status":"open","sticky":false,"template":"","format":"standard","meta":{"footnotes":""},"categories":[172],"tags":[],"class_list":["post-324431","post","type-post","status-publish","format-standard","has-post-thumbnail","hentry","category-policia"],"_links":{"self":[{"href":"https:\/\/villanews.com.br\/index.php?rest_route=\/wp\/v2\/posts\/324431","targetHints":{"allow":["GET"]}}],"collection":[{"href":"https:\/\/villanews.com.br\/index.php?rest_route=\/wp\/v2\/posts"}],"about":[{"href":"https:\/\/villanews.com.br\/index.php?rest_route=\/wp\/v2\/types\/post"}],"author":[{"embeddable":true,"href":"https:\/\/villanews.com.br\/index.php?rest_route=\/wp\/v2\/users\/4"}],"replies":[{"embeddable":true,"href":"https:\/\/villanews.com.br\/index.php?rest_route=%2Fwp%2Fv2%2Fcomments&post=324431"}],"version-history":[{"count":0,"href":"https:\/\/villanews.com.br\/index.php?rest_route=\/wp\/v2\/posts\/324431\/revisions"}],"wp:featuredmedia":[{"embeddable":true,"href":"https:\/\/villanews.com.br\/index.php?rest_route=\/wp\/v2\/media\/55717"}],"wp:attachment":[{"href":"https:\/\/villanews.com.br\/index.php?rest_route=%2Fwp%2Fv2%2Fmedia&parent=324431"}],"wp:term":[{"taxonomy":"category","embeddable":true,"href":"https:\/\/villanews.com.br\/index.php?rest_route=%2Fwp%2Fv2%2Fcategories&post=324431"},{"taxonomy":"post_tag","embeddable":true,"href":"https:\/\/villanews.com.br\/index.php?rest_route=%2Fwp%2Fv2%2Ftags&post=324431"}],"curies":[{"name":"wp","href":"https:\/\/api.w.org\/{rel}","templated":true}]}}