{"id":324429,"date":"2026-03-31T10:00:12","date_gmt":"2026-03-31T14:00:12","guid":{"rendered":"https:\/\/villanews.com.br\/?p=324429"},"modified":"2026-03-31T10:00:12","modified_gmt":"2026-03-31T14:00:12","slug":"30-03-2026-15h09-terca-feira-31-seciteci-fapemat-e-aml-lancam-livro-sobre-a-trajetoria-da-literatura-de-mato-grossoo-evento-tera-inicio-as-11h-com-transmissao-ao-vivo-pelo-canal-oficial-da-seci","status":"publish","type":"post","link":"https:\/\/villanews.com.br\/?p=324429","title":{"rendered":"30\/03\/2026 | 15h09 TER\u00c7A-FEIRA (31) Seciteci, Fapemat e AML lan\u00e7am livro sobre a trajet\u00f3ria da literatura de Mato Grosso\nO evento ter\u00e1 in\u00edcio \u00e0s 11h, com transmiss\u00e3o ao vivo pelo canal oficial da Seciteci no YouTube"},"content":{"rendered":"<div class=\"component-html\" data-lfr-editable-id=\"element-html\" data-lfr-editable-type=\"html\">\n<small>TER\u00c7A-FEIRA (31)<\/small>\n<h2><strong>Seciteci, Fapemat e AML lan\u00e7am livro sobre a trajet\u00f3ria da literatura de Mato Grosso<\/strong><\/h2>\n<hr \/>\n<h5>30 de Mar\u00e7o de 2026 \u00e0s 15:09<\/h5>\n<h5>O evento ter\u00e1 in\u00edcio \u00e0s 11h, com transmiss\u00e3o ao vivo pelo canal oficial da Seciteci no YouTube<\/h5>\n<div><span>Beatriz Passos<\/span> | <span>Seciteci<\/span>\n<\/div>\n<div>\n     O evento ter\u00e1 in\u00edcio \u00e0s 11h, com transmiss\u00e3o ao vivo pelo canal oficial da Seciteci no YouTube &#8211; Foto por: Ascom Seciteci\n    <\/div>\n<p> <img decoding=\"async\" src=\"https:\/\/www.secitec.mt.gov.br\/o\/adaptive-media\/image\/78511702\/Thumbnail-1024x1024\/01112%20(1).png\" title=\"O evento ter\u00e1 in\u00edcio \u00e0s 11h, com transmiss\u00e3o ao vivo pelo canal oficial da Seciteci no YouTube  - Foto por: Ascom Seciteci\" \/><\/p>\n<div><a>A<\/a> | <a>A<\/a>\n<\/div>\n<div class=\"full-content\">\n<p>A Secretaria de Estado de Ci\u00eancia, Tecnologia e Inova\u00e7\u00e3o (Seciteci), em parceria com a Funda\u00e7\u00e3o de Amparo \u00e0 Pesquisa do Estado de Mato Grosso (Fapemat) e a Academia Mato-grossense de Letras (AML), realiza, na pr\u00f3xima ter\u00e7a-feira (31.3), o lan\u00e7amento do livro \u201cItiner\u00e1rios da Literatura em Mato Grosso\u201d. O evento ter\u00e1 in\u00edcio \u00e0s 11h, com transmiss\u00e3o ao vivo pelo canal oficial da Seciteci no YouTube.<\/p>\n<p>A obra \u00e9 resultado de uma ampla pesquisa desenvolvida por membros da AML e apresenta um panorama da produ\u00e7\u00e3o liter\u00e1ria mato-grossense ao longo do tempo, desde as narrativas dos povos origin\u00e1rios at\u00e9 as express\u00f5es contempor\u00e2neas.\u00a0<\/p>\n<p>Escrito pelos imortais Divanize Carbonieri, Eduardo Mahon, Marli Walker, Marta Cocco e Olga Maria Castrillon-Mendes, o livro prop\u00f5e um percurso tem\u00e1tico que evidencia a diversidade cultural, os processos hist\u00f3ricos e as m\u00faltiplas identidades presentes na literatura do Estado.<\/p>\n<p>De acordo com o secret\u00e1rio de Estado de Ci\u00eancia, Tecnologia e Inova\u00e7\u00e3o, Allan Kardec, a publica\u00e7\u00e3o traz uma abordagem inovadora para compreender a hist\u00f3ria de Mato Grosso por meio da literatura.<\/p>\n<p>\u201cEsta obra representa um avan\u00e7o significativo na valoriza\u00e7\u00e3o da produ\u00e7\u00e3o intelectual de Mato Grosso. Ao reunir e sistematizar a literatura do estado, o livro contribui para o fortalecimento da nossa identidade cultural e para a democratiza\u00e7\u00e3o do acesso ao conhecimento\u201d, destaca.<\/p>\n<p>O livro nasceu a partir de uma inquieta\u00e7\u00e3o dos pesquisadores. \u201cO processo de pesquisa come\u00e7ou durante uma viagem a C\u00e1ceres, quando eu e o Allan percebemos a aus\u00eancia de uma obra que apresentasse uma vis\u00e3o panor\u00e2mica da literatura em Mato Grosso\u201d, explica o escritor Eduardo Mahon.<\/p>\n<p>Para a acad\u00eamica Olga Maria Castrillon-Mendes, a publica\u00e7\u00e3o representa um marco:\u00a0\u201ceste livro \u00e9 uma das maiores e mais importantes iniciativas j\u00e1 realizadas no campo da literatura em Mato Grosso\u201d, afirma.<\/p>\n<p>Com mais de 500 p\u00e1ginas, o conte\u00fado explora diferentes eixos, como territorialidade, fluxos migrat\u00f3rios, rela\u00e7\u00f5es com a natureza e transforma\u00e7\u00f5es sociais, oferecendo ao leitor uma vis\u00e3o ampla e acess\u00edvel da constru\u00e7\u00e3o liter\u00e1ria regional.<\/p>\n<p>A pesquisadora Marli Walker destaca o car\u00e1ter significativo do trabalho. \u201cFoi uma das experi\u00eancias mais prazerosas da minha trajet\u00f3ria na pesquisa. A literatura, por meio de contos e poemas, nos mostra que \u00e9 poss\u00edvel compreender e valorizar nossa identidade\u201d, ressalta.<\/p>\n<p>J\u00e1 Divanize Carbonieri enfatiza o processo coletivo de constru\u00e7\u00e3o da obra. \u201cA pesquisa envolveu diversas reuni\u00f5es para defini\u00e7\u00e3o de tem\u00e1ticas, organiza\u00e7\u00e3o das se\u00e7\u00f5es e sele\u00e7\u00e3o de autores, resultando em um trabalho colaborativo e consistente\u201d, explica.<\/p>\n<p>Marta Cocco refor\u00e7a a diversidade presente no livro. \u201cBuscamos apresentar uma vis\u00e3o ampla, mostrando que a literatura mato-grossense \u00e9 rica, diversa e produzida h\u00e1 muito tempo, em diferentes estilos. S\u00e3o olhares plurais que ajudam a compreender melhor nossa cultura\u201d, pontua.<\/p>\n<p>O lan\u00e7amento \u00e9 aberto ao p\u00fablico e representa uma oportunidade para estudantes, pesquisadores e a sociedade em geral conhecerem uma importante refer\u00eancia sobre a literatura mato-grossense. A vers\u00e3o online ficar\u00e1 dispon\u00edvel no site da Seciteci para download.<\/p>\n<\/div>\n<\/div>","protected":false},"excerpt":{"rendered":"<p>TER\u00c7A-FEIRA (31) Seciteci, Fapemat e AML lan\u00e7am livro sobre a trajet\u00f3ria da literatura de Mato Grosso 30 de Mar\u00e7o de&hellip;<\/p>\n","protected":false},"author":4,"featured_media":51496,"comment_status":"open","ping_status":"open","sticky":false,"template":"","format":"standard","meta":{"footnotes":""},"categories":[210],"tags":[],"class_list":["post-324429","post","type-post","status-publish","format-standard","has-post-thumbnail","hentry","category-mato-grosso"],"_links":{"self":[{"href":"https:\/\/villanews.com.br\/index.php?rest_route=\/wp\/v2\/posts\/324429","targetHints":{"allow":["GET"]}}],"collection":[{"href":"https:\/\/villanews.com.br\/index.php?rest_route=\/wp\/v2\/posts"}],"about":[{"href":"https:\/\/villanews.com.br\/index.php?rest_route=\/wp\/v2\/types\/post"}],"author":[{"embeddable":true,"href":"https:\/\/villanews.com.br\/index.php?rest_route=\/wp\/v2\/users\/4"}],"replies":[{"embeddable":true,"href":"https:\/\/villanews.com.br\/index.php?rest_route=%2Fwp%2Fv2%2Fcomments&post=324429"}],"version-history":[{"count":0,"href":"https:\/\/villanews.com.br\/index.php?rest_route=\/wp\/v2\/posts\/324429\/revisions"}],"wp:featuredmedia":[{"embeddable":true,"href":"https:\/\/villanews.com.br\/index.php?rest_route=\/wp\/v2\/media\/51496"}],"wp:attachment":[{"href":"https:\/\/villanews.com.br\/index.php?rest_route=%2Fwp%2Fv2%2Fmedia&parent=324429"}],"wp:term":[{"taxonomy":"category","embeddable":true,"href":"https:\/\/villanews.com.br\/index.php?rest_route=%2Fwp%2Fv2%2Fcategories&post=324429"},{"taxonomy":"post_tag","embeddable":true,"href":"https:\/\/villanews.com.br\/index.php?rest_route=%2Fwp%2Fv2%2Ftags&post=324429"}],"curies":[{"name":"wp","href":"https:\/\/api.w.org\/{rel}","templated":true}]}}