{"id":324347,"date":"2026-03-31T08:04:04","date_gmt":"2026-03-31T12:04:04","guid":{"rendered":"https:\/\/villanews.com.br\/?p=324347"},"modified":"2026-03-31T08:04:04","modified_gmt":"2026-03-31T12:04:04","slug":"stf-esta-perto-de-discutir-descriminalizacao-de-todas-as-drogas-diz-gilmar","status":"publish","type":"post","link":"https:\/\/villanews.com.br\/?p=324347","title":{"rendered":"STF est\u00e1 perto de discutir descriminaliza\u00e7\u00e3o de todas as drogas, diz Gilmar"},"content":{"rendered":"<div class=\"postBody_post-body-container__1KhtH\">\n<p>O ministro do Supremo Tribunal Federal (STF) Gilmar Mendes avaliou que a Corte est\u00e1 pr\u00f3xima de discutir a descriminaliza\u00e7\u00e3o de todas as drogas. A declara\u00e7\u00e3o ocorreu nesta ter\u00e7a-feira (31), em entrevista ao podcast &#8220;Cannabis Hoje Pod&#8221;, do canal <em>Cannabis Hoje<\/em>. O epis\u00f3dio foi divulgado com o t\u00edtulo &#8220;Gilmar Mendes \u2013 um ministro do STF simp\u00e1tico \u00e0 cannabis&#8221;.<\/p>\n<p>&#8220;Acho que estamos pr\u00f3ximos de discutir a descriminaliza\u00e7\u00e3o geral das drogas. J\u00e1 temos, inclusive no \u00e2mbito da ONU, alguns crit\u00e9rios sobre isso&#8221;, disse o magistrado.<\/p>\n<p>Em 2024, o Supremo considerou inconstitucional a caracteriza\u00e7\u00e3o do porte de maconha como crime. A conduta ainda \u00e9 ilegal, mas com puni\u00e7\u00e3o no \u00e2mbito administrativo.<\/p>\n<p>O tr\u00e1fico, por\u00e9m, continua criminalizado. Para diferenciar usu\u00e1rio de traficante, os ministros fixaram o limite de at\u00e9 40 gramas da droga. &#8220;O importante \u00e9 que n\u00f3s saibamos que essa decis\u00e3o foi um passo importante, mas \u00e9 s\u00f3 um passo&#8221;, opinou.<\/p>\n<p>VEJA TAMB\u00c9M:<\/p>\n<h2>Ministro j\u00e1 votou para estender entendimento da maconha \u00e0 coca\u00edna<\/h2>\n<p><img decoding=\"async\" src=\"https:\/\/media.gazetadopovo.com.br\/2026\/03\/31090007\/55170419491_2b6b854b5d_k.jpg.webp\" \/><i>Em seu voto, decano da Corte votou para absolver mulher que portava 0,8 grama de coca\u00edna e lembrou de precedente de absolvi\u00e7\u00e3o at\u00e9 mesmo por tr\u00e1fico.  (Foto: Antonio Augusto\/STF)<\/i><\/p>\n<p>Apesar de s\u00f3 dizer respeito \u00e0 maconha, a decis\u00e3o de 2024 gerou impacto no entendimento da pr\u00f3pria Corte. No m\u00eas passado, Gilmar votou para absolver uma mulher que portava 2,3 gramas de maconha e 0,8 grama de coca\u00edna, estendendo o precedente da maconha.<\/p>\n<p>Na ocasi\u00e3o, o ministro lembrou que j\u00e1 houve decis\u00e3o at\u00e9 mesmo em favor de um r\u00e9u por tr\u00e1fico de drogas, situa\u00e7\u00e3o em que tamb\u00e9m se aplicou o princ\u00edpio da insignific\u00e2ncia.<\/p>\n<p>De acordo com Gilmar, o Supremo est\u00e1 &#8220;tentando fazer a redefini\u00e7\u00e3o de uma adequada pol\u00edtica&#8221;, em que pretende marcar uma &#8220;ruptura com aquela mensagem de guerra total \u00e0s drogas&#8221;.<\/p>\n<p>Indicado pelo ex-presidente Fernando Henrique Cardoso em 2002, o magistrado divide seu tempo entre o trabalho no Brasil e per\u00edodos em Portugal, pa\u00eds em que tem um apartamento. Durante a entrevista, ele revelou que j\u00e1 comprou cannabis no pa\u00eds europeu, com o objetivo de lidar com dores. O ministro disse que ficou com uma &#8220;boa impress\u00e3o&#8221; ap\u00f3s a experi\u00eancia.<\/p>\n<p>&#8220;Eu j\u00e1 comprei cannabis para atenuar dores, numa loja em Portugal. Na Europa \u00e9 muito comum lojas que vendem esses produtos, inclusive cremes, como se fosse um b\u00e1lsamo. Fiquei com uma boa impress\u00e3o&#8221;, revelou.<\/p>\n<\/div>","protected":false},"excerpt":{"rendered":"<p>O ministro do Supremo Tribunal Federal (STF) Gilmar Mendes avaliou que a Corte est\u00e1 pr\u00f3xima de discutir a descriminaliza\u00e7\u00e3o de&hellip;<\/p>\n","protected":false},"author":4,"featured_media":324156,"comment_status":"open","ping_status":"open","sticky":false,"template":"","format":"standard","meta":{"footnotes":""},"categories":[5],"tags":[],"class_list":["post-324347","post","type-post","status-publish","format-standard","has-post-thumbnail","hentry","category-politica"],"_links":{"self":[{"href":"https:\/\/villanews.com.br\/index.php?rest_route=\/wp\/v2\/posts\/324347","targetHints":{"allow":["GET"]}}],"collection":[{"href":"https:\/\/villanews.com.br\/index.php?rest_route=\/wp\/v2\/posts"}],"about":[{"href":"https:\/\/villanews.com.br\/index.php?rest_route=\/wp\/v2\/types\/post"}],"author":[{"embeddable":true,"href":"https:\/\/villanews.com.br\/index.php?rest_route=\/wp\/v2\/users\/4"}],"replies":[{"embeddable":true,"href":"https:\/\/villanews.com.br\/index.php?rest_route=%2Fwp%2Fv2%2Fcomments&post=324347"}],"version-history":[{"count":0,"href":"https:\/\/villanews.com.br\/index.php?rest_route=\/wp\/v2\/posts\/324347\/revisions"}],"wp:featuredmedia":[{"embeddable":true,"href":"https:\/\/villanews.com.br\/index.php?rest_route=\/wp\/v2\/media\/324156"}],"wp:attachment":[{"href":"https:\/\/villanews.com.br\/index.php?rest_route=%2Fwp%2Fv2%2Fmedia&parent=324347"}],"wp:term":[{"taxonomy":"category","embeddable":true,"href":"https:\/\/villanews.com.br\/index.php?rest_route=%2Fwp%2Fv2%2Fcategories&post=324347"},{"taxonomy":"post_tag","embeddable":true,"href":"https:\/\/villanews.com.br\/index.php?rest_route=%2Fwp%2Fv2%2Ftags&post=324347"}],"curies":[{"name":"wp","href":"https:\/\/api.w.org\/{rel}","templated":true}]}}