{"id":324298,"date":"2026-03-31T09:07:50","date_gmt":"2026-03-31T13:07:50","guid":{"rendered":"https:\/\/villanews.com.br\/?p=324298"},"modified":"2026-03-31T09:07:50","modified_gmt":"2026-03-31T13:07:50","slug":"x-suspende-conta-de-comandante-do-ira-apos-ameaca-a-israel","status":"publish","type":"post","link":"https:\/\/villanews.com.br\/?p=324298","title":{"rendered":"X suspende conta de comandante do Ir\u00e3 ap\u00f3s amea\u00e7a a Israel"},"content":{"rendered":"<div class=\"postBody_post-body-container__1KhtH\">\n<p>O comandante da For\u00e7a Quds da Guarda Revolucion\u00e1ria Isl\u00e2mica do Ir\u00e3, Esmail Qaani, postou nesta segunda-feira (30) uma mensagem no X na qual elogiava as v\u00e1rias frentes que enfrentam Israel na atual guerra no Oriente M\u00e9dio e fazia amea\u00e7as aos israelenses. Pouco depois, a rede social suspendeu a conta de Qaani, alegando viola\u00e7\u00e3o das suas regras.<\/p>\n<p>\u201c[O primeiro-ministro de Israel, Benjamin] Netanyahu sonhava em expandir o cintur\u00e3o de seguran\u00e7a na regi\u00e3o, mas o fogo inteligente e corajoso dos irm\u00e3os do Hezbollah no norte e dos houthis no sul exp\u00f4s as falsas promessas do regime aos colonos\u201d, escreveu Qaani no X, em uma conta rec\u00e9m-criada.<\/p>\n<p>Era uma refer\u00eancia aos ataques do grupo terrorista liban\u00eas aliado de Teer\u00e3 e dos rebeldes houthis do I\u00eamen a Israel desde que este e os Estados Unidos iniciaram uma guerra contra o Ir\u00e3, em 28 de fevereiro.<\/p>\n<p>\u201cO desejo dos comandantes da resist\u00eancia m\u00e1rtires foi realizado: a sala de guerra da frente de resist\u00eancia \u00e9 uma s\u00f3. Acostumem-se \u00e0 nova ordem na regi\u00e3o\u201d, amea\u00e7ou Qaani, cuja morte havia sido especulada desde o in\u00edcio da guerra e foi negada por ag\u00eancias estatais iranianas.<\/p>\n<p>VEJA TAMB\u00c9M:<\/p>\n<\/div>","protected":false},"excerpt":{"rendered":"<p>O comandante da For\u00e7a Quds da Guarda Revolucion\u00e1ria Isl\u00e2mica do Ir\u00e3, Esmail Qaani, postou nesta segunda-feira (30) uma mensagem no&hellip;<\/p>\n","protected":false},"author":4,"featured_media":324299,"comment_status":"open","ping_status":"open","sticky":false,"template":"","format":"standard","meta":{"footnotes":""},"categories":[204],"tags":[],"class_list":["post-324298","post","type-post","status-publish","format-standard","has-post-thumbnail","hentry","category-ultimas-noticias"],"_links":{"self":[{"href":"https:\/\/villanews.com.br\/index.php?rest_route=\/wp\/v2\/posts\/324298","targetHints":{"allow":["GET"]}}],"collection":[{"href":"https:\/\/villanews.com.br\/index.php?rest_route=\/wp\/v2\/posts"}],"about":[{"href":"https:\/\/villanews.com.br\/index.php?rest_route=\/wp\/v2\/types\/post"}],"author":[{"embeddable":true,"href":"https:\/\/villanews.com.br\/index.php?rest_route=\/wp\/v2\/users\/4"}],"replies":[{"embeddable":true,"href":"https:\/\/villanews.com.br\/index.php?rest_route=%2Fwp%2Fv2%2Fcomments&post=324298"}],"version-history":[{"count":0,"href":"https:\/\/villanews.com.br\/index.php?rest_route=\/wp\/v2\/posts\/324298\/revisions"}],"wp:featuredmedia":[{"embeddable":true,"href":"https:\/\/villanews.com.br\/index.php?rest_route=\/wp\/v2\/media\/324299"}],"wp:attachment":[{"href":"https:\/\/villanews.com.br\/index.php?rest_route=%2Fwp%2Fv2%2Fmedia&parent=324298"}],"wp:term":[{"taxonomy":"category","embeddable":true,"href":"https:\/\/villanews.com.br\/index.php?rest_route=%2Fwp%2Fv2%2Fcategories&post=324298"},{"taxonomy":"post_tag","embeddable":true,"href":"https:\/\/villanews.com.br\/index.php?rest_route=%2Fwp%2Fv2%2Ftags&post=324298"}],"curies":[{"name":"wp","href":"https:\/\/api.w.org\/{rel}","templated":true}]}}