{"id":324268,"date":"2026-03-31T07:45:49","date_gmt":"2026-03-31T11:45:49","guid":{"rendered":"https:\/\/villanews.com.br\/?p=324268"},"modified":"2026-03-31T07:45:49","modified_gmt":"2026-03-31T11:45:49","slug":"maioria-dos-torcedores-rejeita-var-e-pede-fim-na-premier-league-inglesa","status":"publish","type":"post","link":"https:\/\/villanews.com.br\/?p=324268","title":{"rendered":"Maioria dos torcedores rejeita VAR e pede fim na Premier League inglesa"},"content":{"rendered":"<div class=\"text-darkgray lg:w-2\/3\">\n<div>\n<h2>Pesquisa com 8 mil f\u00e3s aponta insatisfa\u00e7\u00e3o com a tecnologia, citando demora, falta de precis\u00e3o e impacto nas comemora\u00e7\u00f5es. Apesar das cr\u00edticas, liga mant\u00e9m sistema e discute poss\u00edveis ajustes para melhorar sua aplica\u00e7\u00e3o<\/h2>\n<\/div>\n<p><img decoding=\"async\" src=\"https:\/\/media-manager.noticiasaominuto.com.br\/960\/naom_69ca952599a96.webp\" \/><\/p>\n<p>\u00a9 Getty Images<\/p>\n<p><img decoding=\"async\" src=\"https:\/\/noticiasaominutobr-img.com\/team\/naom.png\" \/><\/p>\n<p><span><br \/>\n                    31\/03\/2026 08:45 \u2027<br \/>\n                    h\u00e1 1 hora<br \/>\n                    por Not\u00edcias ao Minuto<br \/>\n                <\/span><\/p>\n<p>\n                        Esporte\n                    <\/p>\n<p>\n<a href=\"https:\/\/www.noticiasaominuto.com.br\/esporte\/tag\/premier-league\"><br \/>\n                                Premier League<br \/>\n                            <\/a>\n<\/p>\n<div class=\"article-content mb-24 font-slab text-paragraph font-light\">\n<p><span>O<\/span> VAR segue sendo alvo de cr\u00edticas e ainda n\u00e3o chegou a um consenso entre torcedores ao redor do mundo. Na Premier League, por\u00e9m, a rejei\u00e7\u00e3o \u00e0 tecnologia \u00e9 majorit\u00e1ria, com muitos f\u00e3s afirmando que preferiam o futebol antes da sua implementa\u00e7\u00e3o, na temporada 2019\/2020.<\/p>\n<p>                                                        \u00a0<\/p>\n<p>Uma pesquisa divulgada nesta segunda-feira pela Associa\u00e7\u00e3o de Torcedores de Futebol da Inglaterra (FSA) mostra que 75% dos entrevistados s\u00e3o contra o uso do \u00e1rbitro de v\u00eddeo no campeonato ingl\u00eas.<\/p>\n<p>O levantamento ouviu cerca de 8 mil torcedores dos 20 clubes da primeira divis\u00e3o, sendo que a maioria frequenta os est\u00e1dios com regularidade.<\/p>\n<p>Entre os entrevistados, 90% afirmaram que o VAR n\u00e3o melhorou a experi\u00eancia dentro dos est\u00e1dios. Al\u00e9m disso, 91% disseram que a tecnologia prejudicou a celebra\u00e7\u00e3o dos gols, por causa das revis\u00f5es.<\/p>\n<p>A rejei\u00e7\u00e3o tamb\u00e9m aparece entre quem acompanha os jogos pela televis\u00e3o: 94% dos torcedores afirmaram que o VAR n\u00e3o tornou a experi\u00eancia mais interessante.<\/p>\n<p>\u201cOs resultados mostram que a maioria dos torcedores quer o fim do VAR. As pessoas est\u00e3o irritadas com a demora nas decis\u00f5es, com a falta de precis\u00e3o e com a perda de espontaneidade. Isso tira a ess\u00eancia do futebol e daqueles momentos especiais\u201d, afirmou Thomas Concannon, respons\u00e1vel pela rede da Premier League dentro da FSA.<\/p>\n<p>Por outro lado, a Premier League afirma que a pesquisa tamb\u00e9m indica que muitos torcedores aceitam a perman\u00eancia do VAR, desde que haja melhorias na forma como ele \u00e9 utilizado.<\/p>\n<p>O VAR foi introduzido no campeonato ingl\u00eas h\u00e1 sete anos e, por enquanto, n\u00e3o h\u00e1 previs\u00e3o de mudan\u00e7as. Em 2024, os 20 clubes chegaram a votar sobre a poss\u00edvel retirada da tecnologia, mas 19 decidiram mant\u00ea-la. Apenas o Wolverhampton se posicionou contra.<\/p>\n<p>O uso do VAR segue em debate, especialmente em rela\u00e7\u00e3o \u00e0s situa\u00e7\u00f5es em que deve ser acionado. A Uefa, inclusive, pretende discutir o tema com representantes das principais ligas europeias ap\u00f3s a Copa do Mundo de 2026.<\/p>\n<p>No Mundial, previsto para acontecer entre 11 de junho e 19 de julho, o uso do VAR deve ser ampliado, com possibilidade de aplica\u00e7\u00e3o em escanteios e segundos cart\u00f5es amarelos, al\u00e9m das revis\u00f5es j\u00e1 existentes em gols, p\u00eanaltis e cart\u00f5es vermelhos.<br \/>\u00a0<br \/>\u00a0<\/p>\n<p><img decoding=\"async\" src=\"https:\/\/media-manager.noticiasaominuto.com\/640\/naom_68456f75cbb53.jpg\" \/><\/p>\n<h2><a href=\"https:\/\/www.noticiasaominuto.com.br\/esporte\/2371181\/tuchel-e-a-onda-de-lesoes-estou-desiludido-mas-nao-com-os-jogadores\"> Tuchel e a onda de les\u00f5es: &#8220;Estou desiludido, mas n\u00e3o com os jogadores&#8221; <\/a><\/h2>\n<p>T\u00e9cnico lamenta baixas ap\u00f3s empate com o Uruguai, destaca desgaste do fim de temporada e refor\u00e7a import\u00e2ncia do descanso f\u00edsico e mental. Mesmo com problemas, garante bom ambiente e v\u00ea \u00faltimo est\u00e1gio como decisivo antes da Copa de 2026<\/p>\n<p><small> Not\u00edcias ao Minuto | 18:45 &#8211; 30\/03\/2026 <\/small><\/p>\n<\/div>\n<p>\n            Partilhe a not\u00edcia\n        <\/p>\n<\/div>","protected":false},"excerpt":{"rendered":"<p>Pesquisa com 8 mil f\u00e3s aponta insatisfa\u00e7\u00e3o com a tecnologia, citando demora, falta de precis\u00e3o e impacto nas comemora\u00e7\u00f5es. Apesar&hellip;<\/p>\n","protected":false},"author":4,"featured_media":324269,"comment_status":"open","ping_status":"open","sticky":false,"template":"","format":"standard","meta":{"footnotes":""},"categories":[6],"tags":[],"class_list":["post-324268","post","type-post","status-publish","format-standard","has-post-thumbnail","hentry","category-esportes"],"_links":{"self":[{"href":"https:\/\/villanews.com.br\/index.php?rest_route=\/wp\/v2\/posts\/324268","targetHints":{"allow":["GET"]}}],"collection":[{"href":"https:\/\/villanews.com.br\/index.php?rest_route=\/wp\/v2\/posts"}],"about":[{"href":"https:\/\/villanews.com.br\/index.php?rest_route=\/wp\/v2\/types\/post"}],"author":[{"embeddable":true,"href":"https:\/\/villanews.com.br\/index.php?rest_route=\/wp\/v2\/users\/4"}],"replies":[{"embeddable":true,"href":"https:\/\/villanews.com.br\/index.php?rest_route=%2Fwp%2Fv2%2Fcomments&post=324268"}],"version-history":[{"count":0,"href":"https:\/\/villanews.com.br\/index.php?rest_route=\/wp\/v2\/posts\/324268\/revisions"}],"wp:featuredmedia":[{"embeddable":true,"href":"https:\/\/villanews.com.br\/index.php?rest_route=\/wp\/v2\/media\/324269"}],"wp:attachment":[{"href":"https:\/\/villanews.com.br\/index.php?rest_route=%2Fwp%2Fv2%2Fmedia&parent=324268"}],"wp:term":[{"taxonomy":"category","embeddable":true,"href":"https:\/\/villanews.com.br\/index.php?rest_route=%2Fwp%2Fv2%2Fcategories&post=324268"},{"taxonomy":"post_tag","embeddable":true,"href":"https:\/\/villanews.com.br\/index.php?rest_route=%2Fwp%2Fv2%2Ftags&post=324268"}],"curies":[{"name":"wp","href":"https:\/\/api.w.org\/{rel}","templated":true}]}}